{"id":268307,"date":"2023-01-02T19:48:48","date_gmt":"2023-01-02T17:48:48","guid":{"rendered":"http:\/\/107.6.182.27\/es\/?p=268307"},"modified":"2023-01-10T15:48:10","modified_gmt":"2023-01-10T13:48:10","slug":"dos-menores-palestinos-victimas-de-los-arrestos-arbitrarios-de-los-militares-israelies","status":"publish","type":"post","link":"https:\/\/archive.sana.sy\/es\/?p=268307","title":{"rendered":"Dos menores palestinos v\u00edctimas de los arrestos arbitrarios de los militares israel\u00edes"},"content":{"rendered":"<p style=\"text-align: justify;\"><span style=\"color: #800000;\"><strong>Jerusal\u00e9n ocupada, 02 ene (SANA)<\/strong><\/span> Las fuerzas de ocupaci\u00f3n israel\u00edes arrestaron a dos palestinos al este de la ciudad de Qalquilya, en la Ribera Occidental.<\/p>\n<p style=\"text-align: justify;\">Seg\u00fan divulg\u00f3 la agencia palestina WAFA, las tropas sionistas irrumpieron en el poblado de Azun, asaltaron casas palestinas y arrestaron a dos menores, de 14 y 15 a\u00f1os.<\/p>\n<p style=\"text-align: justify;\">Anteriormente, 18 palestinos fueron v\u00edctimas de semejantes arrestos arbitrarios en diferentes \u00e1reas de Cisjordania.<\/p>\n<p style=\"text-align: justify;\"><em><strong>ah\/fm<\/strong><\/em><\/p>\n","protected":false},"excerpt":{"rendered":"<p>Jerusal\u00e9n ocupada, 02 ene (SANA) Las fuerzas de ocupaci\u00f3n israel\u00edes arrestaron a dos palestinos al este de la ciudad de Qalquilya, en la Ribera Occidental. Seg\u00fan divulg\u00f3 la agencia palestina WAFA, las tropas sionistas irrumpieron en el poblado de Azun, asaltaron casas palestinas y arrestaron a dos menores, de 14 y 15 a\u00f1os. Anteriormente, 18 &hellip;<\/p>\n","protected":false},"author":30,"featured_media":268309,"comment_status":"closed","ping_status":"closed","sticky":false,"template":"","format":"standard","meta":{"footnotes":""},"categories":[456,20724],"tags":[],"class_list":["post-268307","post","type-post","status-publish","format-standard","has-post-thumbnail","","category-arabe-internacional-politica","category-minuto-a-minuto"],"_links":{"self":[{"href":"https:\/\/archive.sana.sy\/es\/index.php?rest_route=\/wp\/v2\/posts\/268307"}],"collection":[{"href":"https:\/\/archive.sana.sy\/es\/index.php?rest_route=\/wp\/v2\/posts"}],"about":[{"href":"https:\/\/archive.sana.sy\/es\/index.php?rest_route=\/wp\/v2\/types\/post"}],"author":[{"embeddable":true,"href":"https:\/\/archive.sana.sy\/es\/index.php?rest_route=\/wp\/v2\/users\/30"}],"replies":[{"embeddable":true,"href":"https:\/\/archive.sana.sy\/es\/index.php?rest_route=%2Fwp%2Fv2%2Fcomments&post=268307"}],"version-history":[{"count":0,"href":"https:\/\/archive.sana.sy\/es\/index.php?rest_route=\/wp\/v2\/posts\/268307\/revisions"}],"wp:featuredmedia":[{"embeddable":true,"href":"https:\/\/archive.sana.sy\/es\/index.php?rest_route=\/wp\/v2\/media\/268309"}],"wp:attachment":[{"href":"https:\/\/archive.sana.sy\/es\/index.php?rest_route=%2Fwp%2Fv2%2Fmedia&parent=268307"}],"wp:term":[{"taxonomy":"category","embeddable":true,"href":"https:\/\/archive.sana.sy\/es\/index.php?rest_route=%2Fwp%2Fv2%2Fcategories&post=268307"},{"taxonomy":"post_tag","embeddable":true,"href":"https:\/\/archive.sana.sy\/es\/index.php?rest_route=%2Fwp%2Fv2%2Ftags&post=268307"}],"curies":[{"name":"wp","href":"https:\/\/api.w.org\/{rel}","templated":true}]}}