{"id":268311,"date":"2023-01-02T20:00:19","date_gmt":"2023-01-02T18:00:19","guid":{"rendered":"http:\/\/107.6.182.27\/es\/?p=268311"},"modified":"2023-01-10T15:48:10","modified_gmt":"2023-01-10T13:48:10","slug":"palestina-pide-a-la-comunidad-internacional-romper-silencio-y-poner-fin-a-los-crimenes-de-israel","status":"publish","type":"post","link":"https:\/\/archive.sana.sy\/es\/?p=268311","title":{"rendered":"Palestina pide a la comunidad internacional romper silencio y poner fin a los cr\u00edmenes de Israel"},"content":{"rendered":"<blockquote>\n<p style=\"text-align: justify;\"><span style=\"color: #ff6600;\"><strong>La Canciller\u00eda palestina inst\u00f3 a adoptar medidas internacionales eficaces y serias para proteger al pueblo palestino y poner fin a la impunidad israel\u00ed.<\/strong><\/span><\/p>\n<\/blockquote>\n<p style=\"text-align: justify;\">Jerusal\u00e9n ocupada, 02 ene (SANA) El Ministerio de Exteriores palestino advirti\u00f3 de los peligros del continuo silencio internacional respecto a la pol\u00edtica del ocupante israel\u00ed y sus continuos cr\u00edmenes y violaciones contra el pueblo palestino.<\/p>\n<p style=\"text-align: justify;\">La Canciller\u00eda palestina inst\u00f3 a adoptar medidas internacionales eficaces y serias para proteger al pueblo palestino y poner fin a la impunidad israel\u00ed.<\/p>\n<p style=\"text-align: justify;\">\u201cEl constante doble rasero de la comunidad internacional alienta al ocupante a persistir en su pol\u00edtica brutal y sistem\u00e1tica contra los palestinos, a pesar de los peligros reales para toda la regi\u00f3n, incluidos los planes de anexi\u00f3n colonial, la escalada de las acciones de judaizaci\u00f3n y los intentos de cambiar la realidad hist\u00f3rica, legal y demogr\u00e1fica en Cisjordania y los lugares sagrados isl\u00e1micos y cristianos, el principal de los cuales es la mezquita de Al-Aqsa\u201d, cit\u00f3 la agencia WAFA a un comunicado de la Canciller\u00eda palestina.<\/p>\n<p style=\"text-align: justify;\">La cartera diplom\u00e1tica concluy\u00f3 que los cr\u00edmenes diarios de las fuerzas de ocupaci\u00f3n y los colonos contra los palestinos, los asesinatos, los ataques y la expansi\u00f3n de los asentamientos requieren una acci\u00f3n seria por parte de la comunidad internacional para detenerlos e implementar las resoluciones de legitimidad internacional.<\/p>\n<p style=\"text-align: justify;\"><em><strong>ah\/fm<\/strong><\/em><\/p>\n","protected":false},"excerpt":{"rendered":"<p>La Canciller\u00eda palestina inst\u00f3 a adoptar medidas internacionales eficaces y serias para proteger al pueblo palestino y poner fin a la impunidad israel\u00ed. Jerusal\u00e9n ocupada, 02 ene (SANA) El Ministerio de Exteriores palestino advirti\u00f3 de los peligros del continuo silencio internacional respecto a la pol\u00edtica del ocupante israel\u00ed y sus continuos cr\u00edmenes y violaciones contra &hellip;<\/p>\n","protected":false},"author":30,"featured_media":268312,"comment_status":"closed","ping_status":"closed","sticky":false,"template":"","format":"standard","meta":{"footnotes":""},"categories":[456,20724],"tags":[],"class_list":["post-268311","post","type-post","status-publish","format-standard","has-post-thumbnail","","category-arabe-internacional-politica","category-minuto-a-minuto"],"_links":{"self":[{"href":"https:\/\/archive.sana.sy\/es\/index.php?rest_route=\/wp\/v2\/posts\/268311"}],"collection":[{"href":"https:\/\/archive.sana.sy\/es\/index.php?rest_route=\/wp\/v2\/posts"}],"about":[{"href":"https:\/\/archive.sana.sy\/es\/index.php?rest_route=\/wp\/v2\/types\/post"}],"author":[{"embeddable":true,"href":"https:\/\/archive.sana.sy\/es\/index.php?rest_route=\/wp\/v2\/users\/30"}],"replies":[{"embeddable":true,"href":"https:\/\/archive.sana.sy\/es\/index.php?rest_route=%2Fwp%2Fv2%2Fcomments&post=268311"}],"version-history":[{"count":0,"href":"https:\/\/archive.sana.sy\/es\/index.php?rest_route=\/wp\/v2\/posts\/268311\/revisions"}],"wp:featuredmedia":[{"embeddable":true,"href":"https:\/\/archive.sana.sy\/es\/index.php?rest_route=\/wp\/v2\/media\/268312"}],"wp:attachment":[{"href":"https:\/\/archive.sana.sy\/es\/index.php?rest_route=%2Fwp%2Fv2%2Fmedia&parent=268311"}],"wp:term":[{"taxonomy":"category","embeddable":true,"href":"https:\/\/archive.sana.sy\/es\/index.php?rest_route=%2Fwp%2Fv2%2Fcategories&post=268311"},{"taxonomy":"post_tag","embeddable":true,"href":"https:\/\/archive.sana.sy\/es\/index.php?rest_route=%2Fwp%2Fv2%2Ftags&post=268311"}],"curies":[{"name":"wp","href":"https:\/\/api.w.org\/{rel}","templated":true}]}}