{"id":268472,"date":"2023-01-04T08:21:59","date_gmt":"2023-01-04T06:21:59","guid":{"rendered":"http:\/\/107.6.182.27\/es\/?p=268472"},"modified":"2023-01-04T11:17:48","modified_gmt":"2023-01-04T09:17:48","slug":"3-5-millones-de-estudiantes-sirios-inician-examenes-del-primer-semestre-fotos","status":"publish","type":"post","link":"https:\/\/archive.sana.sy\/es\/?p=268472","title":{"rendered":"3.5 millones de estudiantes sirios inician ex\u00e1menes del primer semestre (+ fotos)"},"content":{"rendered":"<blockquote>\n<p style=\"text-align: justify;\"><span style=\"color: #000000;\"><em><strong>M\u00e1s de tres millones 624 mil estudiantes en todas las gobernaciones del pa\u00eds iniciaron los ex\u00e1menes del primer semestre para el a\u00f1o 2022-2023.<\/strong><\/em><\/span><\/p>\n<\/blockquote>\n<p style=\"text-align: justify;\"><span style=\"color: #800000;\"><strong>Damasco, 4 ene (SANA)<\/strong><\/span> M\u00e1s de tres millones 624 mil estudiantes en todas las gobernaciones del pa\u00eds iniciaron los ex\u00e1menes del primer semestre para el a\u00f1o 2022-2023.<br \/>\nNota en desarrollo\u2026<\/p>\n<p style=\"text-align: justify;\">fm\/as<\/p>\n<p>&nbsp;<\/p>\n<div id='gallery-1' class='gallery galleryid-268472 gallery-columns-1 gallery-size-full'><figure class='gallery-item'>\n\t\t\t<div class='gallery-icon landscape'>\n\t\t\t\t<a href='https:\/\/archive.sana.sy\/es\/wp-content\/uploads\/2023\/01\/photo_2023-01-04_07-41-01.jpg'><img loading=\"lazy\" decoding=\"async\" width=\"1280\" height=\"807\" src=\"https:\/\/archive.sana.sy\/es\/wp-content\/uploads\/2023\/01\/photo_2023-01-04_07-41-01.jpg\" class=\"attachment-full size-full\" alt=\"\" srcset=\"https:\/\/archive.sana.sy\/es\/wp-content\/uploads\/2023\/01\/photo_2023-01-04_07-41-01.jpg 1280w, https:\/\/archive.sana.sy\/es\/wp-content\/uploads\/2023\/01\/photo_2023-01-04_07-41-01-300x189.jpg 300w, https:\/\/archive.sana.sy\/es\/wp-content\/uploads\/2023\/01\/photo_2023-01-04_07-41-01-1024x646.jpg 1024w, https:\/\/archive.sana.sy\/es\/wp-content\/uploads\/2023\/01\/photo_2023-01-04_07-41-01-150x95.jpg 150w, https:\/\/archive.sana.sy\/es\/wp-content\/uploads\/2023\/01\/photo_2023-01-04_07-41-01-768x484.jpg 768w\" sizes=\"(max-width: 1280px) 100vw, 1280px\" \/><\/a>\n\t\t\t<\/div><\/figure><figure class='gallery-item'>\n\t\t\t<div class='gallery-icon landscape'>\n\t\t\t\t<a href='https:\/\/archive.sana.sy\/es\/wp-content\/uploads\/2023\/01\/photo_2023-01-04_07-41-01-2.jpg'><img loading=\"lazy\" decoding=\"async\" width=\"1280\" height=\"795\" src=\"https:\/\/archive.sana.sy\/es\/wp-content\/uploads\/2023\/01\/photo_2023-01-04_07-41-01-2.jpg\" class=\"attachment-full size-full\" alt=\"\" srcset=\"https:\/\/archive.sana.sy\/es\/wp-content\/uploads\/2023\/01\/photo_2023-01-04_07-41-01-2.jpg 1280w, https:\/\/archive.sana.sy\/es\/wp-content\/uploads\/2023\/01\/photo_2023-01-04_07-41-01-2-300x186.jpg 300w, https:\/\/archive.sana.sy\/es\/wp-content\/uploads\/2023\/01\/photo_2023-01-04_07-41-01-2-1024x636.jpg 1024w, https:\/\/archive.sana.sy\/es\/wp-content\/uploads\/2023\/01\/photo_2023-01-04_07-41-01-2-150x93.jpg 150w, https:\/\/archive.sana.sy\/es\/wp-content\/uploads\/2023\/01\/photo_2023-01-04_07-41-01-2-768x477.jpg 768w\" sizes=\"(max-width: 1280px) 100vw, 1280px\" \/><\/a>\n\t\t\t<\/div><\/figure><figure class='gallery-item'>\n\t\t\t<div class='gallery-icon landscape'>\n\t\t\t\t<a href='https:\/\/archive.sana.sy\/es\/wp-content\/uploads\/2023\/01\/photo_2023-01-04_07-41-02.jpg'><img loading=\"lazy\" decoding=\"async\" width=\"1280\" height=\"835\" src=\"https:\/\/archive.sana.sy\/es\/wp-content\/uploads\/2023\/01\/photo_2023-01-04_07-41-02.jpg\" class=\"attachment-full size-full\" alt=\"\" srcset=\"https:\/\/archive.sana.sy\/es\/wp-content\/uploads\/2023\/01\/photo_2023-01-04_07-41-02.jpg 1280w, https:\/\/archive.sana.sy\/es\/wp-content\/uploads\/2023\/01\/photo_2023-01-04_07-41-02-300x196.jpg 300w, https:\/\/archive.sana.sy\/es\/wp-content\/uploads\/2023\/01\/photo_2023-01-04_07-41-02-1024x668.jpg 1024w, https:\/\/archive.sana.sy\/es\/wp-content\/uploads\/2023\/01\/photo_2023-01-04_07-41-02-150x98.jpg 150w, https:\/\/archive.sana.sy\/es\/wp-content\/uploads\/2023\/01\/photo_2023-01-04_07-41-02-768x501.jpg 768w\" sizes=\"(max-width: 1280px) 100vw, 1280px\" \/><\/a>\n\t\t\t<\/div><\/figure>\n\t\t<\/div>\n\n","protected":false},"excerpt":{"rendered":"<p>M\u00e1s de tres millones 624 mil estudiantes en todas las gobernaciones del pa\u00eds iniciaron los ex\u00e1menes del primer semestre para el a\u00f1o 2022-2023. Damasco, 4 ene (SANA) M\u00e1s de tres millones 624 mil estudiantes en todas las gobernaciones del pa\u00eds iniciaron los ex\u00e1menes del primer semestre para el a\u00f1o 2022-2023. Nota en desarrollo\u2026 fm\/as &nbsp;<\/p>\n","protected":false},"author":42,"featured_media":268499,"comment_status":"closed","ping_status":"closed","sticky":false,"template":"","format":"standard","meta":{"footnotes":""},"categories":[477,447,597,20724,476,583],"tags":[],"class_list":["post-268472","post","type-post","status-publish","format-standard","has-post-thumbnail","","category-noticias-edulcorantes","category-local-politica","category-cinta-de-noticias","category-minuto-a-minuto","category-locales","category-slide"],"_links":{"self":[{"href":"https:\/\/archive.sana.sy\/es\/index.php?rest_route=\/wp\/v2\/posts\/268472"}],"collection":[{"href":"https:\/\/archive.sana.sy\/es\/index.php?rest_route=\/wp\/v2\/posts"}],"about":[{"href":"https:\/\/archive.sana.sy\/es\/index.php?rest_route=\/wp\/v2\/types\/post"}],"author":[{"embeddable":true,"href":"https:\/\/archive.sana.sy\/es\/index.php?rest_route=\/wp\/v2\/users\/42"}],"replies":[{"embeddable":true,"href":"https:\/\/archive.sana.sy\/es\/index.php?rest_route=%2Fwp%2Fv2%2Fcomments&post=268472"}],"version-history":[{"count":0,"href":"https:\/\/archive.sana.sy\/es\/index.php?rest_route=\/wp\/v2\/posts\/268472\/revisions"}],"wp:featuredmedia":[{"embeddable":true,"href":"https:\/\/archive.sana.sy\/es\/index.php?rest_route=\/wp\/v2\/media\/268499"}],"wp:attachment":[{"href":"https:\/\/archive.sana.sy\/es\/index.php?rest_route=%2Fwp%2Fv2%2Fmedia&parent=268472"}],"wp:term":[{"taxonomy":"category","embeddable":true,"href":"https:\/\/archive.sana.sy\/es\/index.php?rest_route=%2Fwp%2Fv2%2Fcategories&post=268472"},{"taxonomy":"post_tag","embeddable":true,"href":"https:\/\/archive.sana.sy\/es\/index.php?rest_route=%2Fwp%2Fv2%2Ftags&post=268472"}],"curies":[{"name":"wp","href":"https:\/\/api.w.org\/{rel}","templated":true}]}}