{"id":268490,"date":"2023-01-04T10:37:28","date_gmt":"2023-01-04T08:37:28","guid":{"rendered":"http:\/\/107.6.182.27\/es\/?p=268490"},"modified":"2023-01-10T15:48:04","modified_gmt":"2023-01-10T13:48:04","slug":"evidencias-del-poder-judicial-irani-confirman-involucramiento-de-94-estadounidenses-en-el-asesinato-del-general-soleimani","status":"publish","type":"post","link":"https:\/\/archive.sana.sy\/es\/?p=268490","title":{"rendered":"Evidencias del poder judicial iran\u00ed confirman involucramiento de 94 estadounidenses en el asesinato del general Soleimani"},"content":{"rendered":"<blockquote>\n<p style=\"text-align: justify;\"><span style=\"color: #ff0000;\"><strong>Revel\u00f3 que hay otros imputados de otras siete nacionalidades que participaron en este crimen con los estadounidenses como Alemania y Gran Breta\u00f1a.<\/strong><\/span><\/p>\n<\/blockquote>\n<p style=\"text-align: justify;\"><span style=\"color: #800000;\"><strong>Teher\u00e1n, 4 ene (SANA)<\/strong> \u00a0<\/span>A tres a\u00f1os del asesinato del general Qassem Soleimani, ex comandante de la Fuerza Quds del Cuerpo de Guardianes de la Revoluci\u00f3n Isl\u00e1mica (CGRI), Ir\u00e1n anunci\u00f3 94 sospechosos estadounidenses en el expediente de su asesinato.<\/p>\n<p style=\"text-align: justify;\">Estas informaciones fueron recopiladas por el subjefe del Poder Judicial de Ir\u00e1n quien culp\u00f3 a los 94 estadounidenses de cometer este delito.<\/p>\n<p style=\"text-align: justify;\">Kazem Gharibabadi, jefe de la oficina central de derechos humanos de Ir\u00e1n y subjefe del poder judicial acus\u00f3 directamente el ex presidente estadounidense Donald Trump, el ex secretario de Estado Mike Pompeo y el ex comandante general del Comando Central de EEUU (CENTCOM) Kenneth F. McKenzie que fueron los principales responsables de este asunto.<\/p>\n<p style=\"text-align: justify;\">Revel\u00f3 que hay otros imputados de otras siete nacionalidades que participaron en este crimen con los estadounidenses como Alemania y Gran Breta\u00f1a.<\/p>\n<p style=\"text-align: justify;\"><em><strong>ws\/fm<\/strong><\/em><\/p>\n","protected":false},"excerpt":{"rendered":"<p>Revel\u00f3 que hay otros imputados de otras siete nacionalidades que participaron en este crimen con los estadounidenses como Alemania y Gran Breta\u00f1a. Teher\u00e1n, 4 ene (SANA) \u00a0A tres a\u00f1os del asesinato del general Qassem Soleimani, ex comandante de la Fuerza Quds del Cuerpo de Guardianes de la Revoluci\u00f3n Isl\u00e1mica (CGRI), Ir\u00e1n anunci\u00f3 94 sospechosos estadounidenses &hellip;<\/p>\n","protected":false},"author":35,"featured_media":268492,"comment_status":"closed","ping_status":"closed","sticky":false,"template":"","format":"standard","meta":{"footnotes":""},"categories":[597,456,20724,7541],"tags":[],"class_list":["post-268490","post","type-post","status-publish","format-standard","has-post-thumbnail","","category-cinta-de-noticias","category-arabe-internacional-politica","category-minuto-a-minuto","category-ultimas-noticias"],"_links":{"self":[{"href":"https:\/\/archive.sana.sy\/es\/index.php?rest_route=\/wp\/v2\/posts\/268490"}],"collection":[{"href":"https:\/\/archive.sana.sy\/es\/index.php?rest_route=\/wp\/v2\/posts"}],"about":[{"href":"https:\/\/archive.sana.sy\/es\/index.php?rest_route=\/wp\/v2\/types\/post"}],"author":[{"embeddable":true,"href":"https:\/\/archive.sana.sy\/es\/index.php?rest_route=\/wp\/v2\/users\/35"}],"replies":[{"embeddable":true,"href":"https:\/\/archive.sana.sy\/es\/index.php?rest_route=%2Fwp%2Fv2%2Fcomments&post=268490"}],"version-history":[{"count":0,"href":"https:\/\/archive.sana.sy\/es\/index.php?rest_route=\/wp\/v2\/posts\/268490\/revisions"}],"wp:featuredmedia":[{"embeddable":true,"href":"https:\/\/archive.sana.sy\/es\/index.php?rest_route=\/wp\/v2\/media\/268492"}],"wp:attachment":[{"href":"https:\/\/archive.sana.sy\/es\/index.php?rest_route=%2Fwp%2Fv2%2Fmedia&parent=268490"}],"wp:term":[{"taxonomy":"category","embeddable":true,"href":"https:\/\/archive.sana.sy\/es\/index.php?rest_route=%2Fwp%2Fv2%2Fcategories&post=268490"},{"taxonomy":"post_tag","embeddable":true,"href":"https:\/\/archive.sana.sy\/es\/index.php?rest_route=%2Fwp%2Fv2%2Ftags&post=268490"}],"curies":[{"name":"wp","href":"https:\/\/api.w.org\/{rel}","templated":true}]}}