{"id":268491,"date":"2023-01-04T10:37:45","date_gmt":"2023-01-04T08:37:45","guid":{"rendered":"http:\/\/107.6.182.27\/es\/?p=268491"},"modified":"2023-01-10T15:48:04","modified_gmt":"2023-01-10T13:48:04","slug":"pesimismo-y-miedo-a-la-pobreza-atenazan-a-los-alemanes","status":"publish","type":"post","link":"https:\/\/archive.sana.sy\/es\/?p=268491","title":{"rendered":"Pesimismo y miedo a la pobreza atenazan a los alemanes"},"content":{"rendered":"<blockquote>\n<p style=\"text-align: justify;\"><strong>Casi uno de cada cuatro de los 1.000 encuestados afirm\u00f3 que su situaci\u00f3n econ\u00f3mica actual no es buena. Un valor tan elevado no se observ\u00f3 ni siquiera durante la crisis financiera de 2008-2009.<\/strong><\/p>\n<\/blockquote>\n<p style=\"text-align: justify;\"><span style=\"color: #800000;\"><strong>Berl\u00edn, 4 ene (SANA)\u00a0<\/strong><\/span> \u00a0 Los pa\u00edses europeos viven una crisis energ\u00e9tica debido a las restricciones impuestas a los combustibles rusos por la operaci\u00f3n militar especial en Ucrania lanzada en febrero de 2022.<\/p>\n<p style=\"text-align: justify;\">Seg\u00fan public\u00f3 el peri\u00f3dico Die Welt, los alemanes son pesimistas y temen por su bienestar, y esto es lo que mostr\u00f3 una encuesta sobre la confianza de los consumidores realizada por la consultora EY Alemania.<\/p>\n<p style=\"text-align: justify;\">Seg\u00fan una nota del peri\u00f3dico citada por la agencia Sputnik, las personas ahorran activamente ante el aumento de la factura energ\u00e9tica y el costo de la vida en el pa\u00eds europeo.<\/p>\n<p style=\"text-align: justify;\">Casi uno de cada cuatro de los 1.000 encuestados afirm\u00f3 que su situaci\u00f3n econ\u00f3mica actual no es buena. Un valor tan elevado no se observ\u00f3 ni siquiera durante la crisis financiera de 2008-2009.<\/p>\n<p style=\"text-align: justify;\">Seg\u00fan el sondeo, m\u00e1s del 56% de los encuestados se muestran pesimistas, la cifra fue del 34% el a\u00f1o pasado.<\/p>\n<p style=\"text-align: justify;\">ed\/fm<\/p>\n","protected":false},"excerpt":{"rendered":"<p>Casi uno de cada cuatro de los 1.000 encuestados afirm\u00f3 que su situaci\u00f3n econ\u00f3mica actual no es buena. Un valor tan elevado no se observ\u00f3 ni siquiera durante la crisis financiera de 2008-2009. Berl\u00edn, 4 ene (SANA)\u00a0 \u00a0 Los pa\u00edses europeos viven una crisis energ\u00e9tica debido a las restricciones impuestas a los combustibles rusos por &hellip;<\/p>\n","protected":false},"author":32,"featured_media":268494,"comment_status":"closed","ping_status":"closed","sticky":false,"template":"","format":"standard","meta":{"footnotes":""},"categories":[597,456,20724,7541],"tags":[],"class_list":["post-268491","post","type-post","status-publish","format-standard","has-post-thumbnail","","category-cinta-de-noticias","category-arabe-internacional-politica","category-minuto-a-minuto","category-ultimas-noticias"],"_links":{"self":[{"href":"https:\/\/archive.sana.sy\/es\/index.php?rest_route=\/wp\/v2\/posts\/268491"}],"collection":[{"href":"https:\/\/archive.sana.sy\/es\/index.php?rest_route=\/wp\/v2\/posts"}],"about":[{"href":"https:\/\/archive.sana.sy\/es\/index.php?rest_route=\/wp\/v2\/types\/post"}],"author":[{"embeddable":true,"href":"https:\/\/archive.sana.sy\/es\/index.php?rest_route=\/wp\/v2\/users\/32"}],"replies":[{"embeddable":true,"href":"https:\/\/archive.sana.sy\/es\/index.php?rest_route=%2Fwp%2Fv2%2Fcomments&post=268491"}],"version-history":[{"count":0,"href":"https:\/\/archive.sana.sy\/es\/index.php?rest_route=\/wp\/v2\/posts\/268491\/revisions"}],"wp:featuredmedia":[{"embeddable":true,"href":"https:\/\/archive.sana.sy\/es\/index.php?rest_route=\/wp\/v2\/media\/268494"}],"wp:attachment":[{"href":"https:\/\/archive.sana.sy\/es\/index.php?rest_route=%2Fwp%2Fv2%2Fmedia&parent=268491"}],"wp:term":[{"taxonomy":"category","embeddable":true,"href":"https:\/\/archive.sana.sy\/es\/index.php?rest_route=%2Fwp%2Fv2%2Fcategories&post=268491"},{"taxonomy":"post_tag","embeddable":true,"href":"https:\/\/archive.sana.sy\/es\/index.php?rest_route=%2Fwp%2Fv2%2Ftags&post=268491"}],"curies":[{"name":"wp","href":"https:\/\/api.w.org\/{rel}","templated":true}]}}