{"id":268508,"date":"2023-01-04T13:22:16","date_gmt":"2023-01-04T11:22:16","guid":{"rendered":"http:\/\/107.6.182.27\/es\/?p=268508"},"modified":"2023-01-10T15:48:04","modified_gmt":"2023-01-10T13:48:04","slug":"rusia-captura-a-un-espia-ucraniano-que-transmitia-secretos-militares-rusos","status":"publish","type":"post","link":"https:\/\/archive.sana.sy\/es\/?p=268508","title":{"rendered":"Rusia captura a un esp\u00eda ucraniano que transmit\u00eda secretos militares rusos"},"content":{"rendered":"<blockquote>\n<p style=\"text-align: justify;\"><span style=\"color: #ff0000;\"><strong>Seg\u00fan inform\u00f3 la agencia Sputnik, el esp\u00eda estaba transmitiendo informaci\u00f3n relacionada con las ubicaciones y el movimiento de personal y veh\u00edculos de las fuerzas armadas rusas a la inteligencia ucraniana.<\/strong><\/span><\/p>\n<\/blockquote>\n<p style=\"text-align: justify;\"><span style=\"color: #800000;\"><strong>Mosc\u00fa, 4 ene (SANA)<\/strong><\/span>\u00a0 Los servicios de seguridad rusos detuvieron a un ciudadano ruso de la ciudad de Melitopol en la regi\u00f3n de Zaporizhie, acusado de espiar a favor de la inteligencia militar ucraniana.<\/p>\n<p>Seg\u00fan inform\u00f3 la agencia Sputnik, el esp\u00eda estaba transmitiendo informaci\u00f3n relacionada con las ubicaciones y el movimiento de personal y veh\u00edculos de las fuerzas armadas rusas a la inteligencia ucraniana.<\/p>\n<p>Todos los hechos y materiales relacionados con este caso han sido remitidos al poder judicial, agreg\u00f3.<\/p>\n<p style=\"text-align: justify;\"><span style=\"color: #000000;\"><strong>ws\/fm<\/strong><\/span><\/p>\n","protected":false},"excerpt":{"rendered":"<p>Seg\u00fan inform\u00f3 la agencia Sputnik, el esp\u00eda estaba transmitiendo informaci\u00f3n relacionada con las ubicaciones y el movimiento de personal y veh\u00edculos de las fuerzas armadas rusas a la inteligencia ucraniana. Mosc\u00fa, 4 ene (SANA)\u00a0 Los servicios de seguridad rusos detuvieron a un ciudadano ruso de la ciudad de Melitopol en la regi\u00f3n de Zaporizhie, acusado &hellip;<\/p>\n","protected":false},"author":35,"featured_media":268509,"comment_status":"closed","ping_status":"closed","sticky":false,"template":"","format":"standard","meta":{"footnotes":""},"categories":[597,456,20724,7541],"tags":[],"class_list":["post-268508","post","type-post","status-publish","format-standard","has-post-thumbnail","","category-cinta-de-noticias","category-arabe-internacional-politica","category-minuto-a-minuto","category-ultimas-noticias"],"_links":{"self":[{"href":"https:\/\/archive.sana.sy\/es\/index.php?rest_route=\/wp\/v2\/posts\/268508"}],"collection":[{"href":"https:\/\/archive.sana.sy\/es\/index.php?rest_route=\/wp\/v2\/posts"}],"about":[{"href":"https:\/\/archive.sana.sy\/es\/index.php?rest_route=\/wp\/v2\/types\/post"}],"author":[{"embeddable":true,"href":"https:\/\/archive.sana.sy\/es\/index.php?rest_route=\/wp\/v2\/users\/35"}],"replies":[{"embeddable":true,"href":"https:\/\/archive.sana.sy\/es\/index.php?rest_route=%2Fwp%2Fv2%2Fcomments&post=268508"}],"version-history":[{"count":0,"href":"https:\/\/archive.sana.sy\/es\/index.php?rest_route=\/wp\/v2\/posts\/268508\/revisions"}],"wp:featuredmedia":[{"embeddable":true,"href":"https:\/\/archive.sana.sy\/es\/index.php?rest_route=\/wp\/v2\/media\/268509"}],"wp:attachment":[{"href":"https:\/\/archive.sana.sy\/es\/index.php?rest_route=%2Fwp%2Fv2%2Fmedia&parent=268508"}],"wp:term":[{"taxonomy":"category","embeddable":true,"href":"https:\/\/archive.sana.sy\/es\/index.php?rest_route=%2Fwp%2Fv2%2Fcategories&post=268508"},{"taxonomy":"post_tag","embeddable":true,"href":"https:\/\/archive.sana.sy\/es\/index.php?rest_route=%2Fwp%2Fv2%2Ftags&post=268508"}],"curies":[{"name":"wp","href":"https:\/\/api.w.org\/{rel}","templated":true}]}}