{"id":268512,"date":"2023-01-04T13:34:20","date_gmt":"2023-01-04T11:34:20","guid":{"rendered":"http:\/\/107.6.182.27\/es\/?p=268512"},"modified":"2023-01-10T15:48:03","modified_gmt":"2023-01-10T13:48:03","slug":"presidente-lula-reitera-respaldo-a-la-causa-palestina","status":"publish","type":"post","link":"https:\/\/archive.sana.sy\/es\/?p=268512","title":{"rendered":"Presidente Lula reitera respaldo a la causa palestina"},"content":{"rendered":"<blockquote><p><strong>El mandatario manifest\u00f3 su postura durante un di\u00e1logo con el ministro palestino de Relaciones Exteriores y Expatriados, Riyad Al-Maliki, quien viaj\u00f3 a Brasilia para asistir a la toma de posesi\u00f3n de Lula.<\/strong><\/p><\/blockquote>\n<p><strong>Brasilia, 4 ene (SANA)\u00a0<\/strong> \u00a0 El presidente de Brasil, Luiz In\u00e1cio Lula da Silva, ratific\u00f3 su respaldo a la causa palestina y afirm\u00f3 que defender\u00e1 la creaci\u00f3n de un estado para ese pueblo, divulg\u00f3 la agencia oficial de noticias WAFA.<\/p>\n<p>El mandatario manifest\u00f3 su postura durante un di\u00e1logo con el ministro palestino de Relaciones Exteriores y Expatriados, Riyad Al-Maliki, quien viaj\u00f3 a Brasilia para asistir a la toma de posesi\u00f3n de Lula.<\/p>\n<p>El canciller transmiti\u00f3 al presidente brasile\u00f1o los saludos de su hom\u00f3logo Mahmoud Abbas y expres\u00f3 su deseo de que Brasil retome sus anteriores pol\u00edticas de apoyo al pueblo palestino.<\/p>\n<p>Al respecto, record\u00f3 que el gigante sudamericano durante los anteriores mandatos de Lula siempre fue un firme defensor de esa causa.<\/p>\n<p>Durante su estancia all\u00ed, Al-Maliki tambi\u00e9n se reuni\u00f3 con el rey de Espa\u00f1a, Felipe VI, y con los presidentes de Paraguay, Mario Abdo Ben\u00edtez; de Honduras, Xiomara Castro, y de Bolivia, Luis Arce.<\/p>\n<p><em><strong>Prensa Latina<\/strong><\/em><\/p>\n","protected":false},"excerpt":{"rendered":"<p>El mandatario manifest\u00f3 su postura durante un di\u00e1logo con el ministro palestino de Relaciones Exteriores y Expatriados, Riyad Al-Maliki, quien viaj\u00f3 a Brasilia para asistir a la toma de posesi\u00f3n de Lula. Brasilia, 4 ene (SANA)\u00a0 \u00a0 El presidente de Brasil, Luiz In\u00e1cio Lula da Silva, ratific\u00f3 su respaldo a la causa palestina y afirm\u00f3 &hellip;<\/p>\n","protected":false},"author":32,"featured_media":268514,"comment_status":"closed","ping_status":"closed","sticky":false,"template":"","format":"standard","meta":{"footnotes":""},"categories":[597,456,7541],"tags":[],"class_list":["post-268512","post","type-post","status-publish","format-standard","has-post-thumbnail","","category-cinta-de-noticias","category-arabe-internacional-politica","category-ultimas-noticias"],"_links":{"self":[{"href":"https:\/\/archive.sana.sy\/es\/index.php?rest_route=\/wp\/v2\/posts\/268512"}],"collection":[{"href":"https:\/\/archive.sana.sy\/es\/index.php?rest_route=\/wp\/v2\/posts"}],"about":[{"href":"https:\/\/archive.sana.sy\/es\/index.php?rest_route=\/wp\/v2\/types\/post"}],"author":[{"embeddable":true,"href":"https:\/\/archive.sana.sy\/es\/index.php?rest_route=\/wp\/v2\/users\/32"}],"replies":[{"embeddable":true,"href":"https:\/\/archive.sana.sy\/es\/index.php?rest_route=%2Fwp%2Fv2%2Fcomments&post=268512"}],"version-history":[{"count":0,"href":"https:\/\/archive.sana.sy\/es\/index.php?rest_route=\/wp\/v2\/posts\/268512\/revisions"}],"wp:featuredmedia":[{"embeddable":true,"href":"https:\/\/archive.sana.sy\/es\/index.php?rest_route=\/wp\/v2\/media\/268514"}],"wp:attachment":[{"href":"https:\/\/archive.sana.sy\/es\/index.php?rest_route=%2Fwp%2Fv2%2Fmedia&parent=268512"}],"wp:term":[{"taxonomy":"category","embeddable":true,"href":"https:\/\/archive.sana.sy\/es\/index.php?rest_route=%2Fwp%2Fv2%2Fcategories&post=268512"},{"taxonomy":"post_tag","embeddable":true,"href":"https:\/\/archive.sana.sy\/es\/index.php?rest_route=%2Fwp%2Fv2%2Ftags&post=268512"}],"curies":[{"name":"wp","href":"https:\/\/api.w.org\/{rel}","templated":true}]}}