{"id":268513,"date":"2023-01-04T13:37:21","date_gmt":"2023-01-04T11:37:21","guid":{"rendered":"http:\/\/107.6.182.27\/es\/?p=268513"},"modified":"2023-01-04T14:24:29","modified_gmt":"2023-01-04T12:24:29","slug":"energica-condena-de-siria-a-asaltos-israelies-a-la-mezquita-al-aqsa","status":"publish","type":"post","link":"https:\/\/archive.sana.sy\/es\/?p=268513","title":{"rendered":"En\u00e9rgica condena de Siria a asaltos israel\u00edes a la mezquita Al-Aqsa"},"content":{"rendered":"<blockquote>\n<p style=\"text-align: justify;\"><span style=\"color: #ff0000;\"><strong>\u201cEl apoyo de Siria al pueblo palestino en su lucha por liberar su tierra, restaurar sus derechos y proteger su santidad es invariable\u201d, concluy\u00f3 Canciller\u00eda.<\/strong><\/span><\/p>\n<\/blockquote>\n<p style=\"text-align: justify;\"><span style=\"color: #800000;\"><strong>Damasco, 4 ene (SANA)<\/strong><\/span>\u00a0 El Ministerio de Asuntos Exteriores y Expatriados conden\u00f3 en los t\u00e9rminos m\u00e1s en\u00e9rgicos el asalto de colonos y funcionarios del ocupante israel\u00ed a los patios de la Mezquita Al-Aqsa, y exigi\u00f3 a la Organizaci\u00f3n de Naciones Unidas (ONU) que condene estas violaciones y trabaje para detenerlas y garantizar que no se repitan.<\/p>\n<p>\u201cSiria condena en los t\u00e9rminos m\u00e1s en\u00e9rgicos el asalto de \u201cmanadas\u201d de colonos y funcionarios israel\u00edes a las explanadas de la mezquita, bajo protecci\u00f3n de las fuerzas de ocupaci\u00f3n\u201d, public\u00f3 Canciller\u00eda en su cuenta de Twitter.<\/p>\n<p>Afirm\u00f3 que estas pr\u00e1cticas provocativas son parte de la pol\u00edtica sistem\u00e1tica de este ocupante al agredir los lugares sagrados palestinos e intentar borrar y apoderarse de su identidad.<\/p>\n<p>\u201cLa entidad israel\u00ed y los pa\u00edses que la apoyan tienen plena responsabilidad por esta escalada y sus repercusiones\u201d, precis\u00f3 el Ministerio.<\/p>\n<p>Agreg\u00f3 que Siria hace un llamado a la ONU para que condene estas violaciones y trabaje para detenerlas y garantizar que no se repitan, as\u00ed como implementar las resoluciones de la legalidad internacional respecto a los territorios palestinos ocupados, especialmente Jerusal\u00e9n.<\/p>\n<p style=\"text-align: justify;\">\u201cEl apoyo de Siria al pueblo palestino en su lucha por liberar su tierra, restaurar sus derechos y proteger su santidad es invariable\u201d, concluy\u00f3 Canciller\u00eda.<\/p>\n<p style=\"text-align: justify;\"><em><strong>fm\/ws<\/strong><\/em><\/p>\n","protected":false},"excerpt":{"rendered":"<p>\u201cEl apoyo de Siria al pueblo palestino en su lucha por liberar su tierra, restaurar sus derechos y proteger su santidad es invariable\u201d, concluy\u00f3 Canciller\u00eda. Damasco, 4 ene (SANA)\u00a0 El Ministerio de Asuntos Exteriores y Expatriados conden\u00f3 en los t\u00e9rminos m\u00e1s en\u00e9rgicos el asalto de colonos y funcionarios del ocupante israel\u00ed a los patios de &hellip;<\/p>\n","protected":false},"author":35,"featured_media":268516,"comment_status":"closed","ping_status":"closed","sticky":false,"template":"","format":"standard","meta":{"footnotes":""},"categories":[477,447,597,20724,476,583],"tags":[],"class_list":["post-268513","post","type-post","status-publish","format-standard","has-post-thumbnail","","category-noticias-edulcorantes","category-local-politica","category-cinta-de-noticias","category-minuto-a-minuto","category-locales","category-slide"],"_links":{"self":[{"href":"https:\/\/archive.sana.sy\/es\/index.php?rest_route=\/wp\/v2\/posts\/268513"}],"collection":[{"href":"https:\/\/archive.sana.sy\/es\/index.php?rest_route=\/wp\/v2\/posts"}],"about":[{"href":"https:\/\/archive.sana.sy\/es\/index.php?rest_route=\/wp\/v2\/types\/post"}],"author":[{"embeddable":true,"href":"https:\/\/archive.sana.sy\/es\/index.php?rest_route=\/wp\/v2\/users\/35"}],"replies":[{"embeddable":true,"href":"https:\/\/archive.sana.sy\/es\/index.php?rest_route=%2Fwp%2Fv2%2Fcomments&post=268513"}],"version-history":[{"count":0,"href":"https:\/\/archive.sana.sy\/es\/index.php?rest_route=\/wp\/v2\/posts\/268513\/revisions"}],"wp:featuredmedia":[{"embeddable":true,"href":"https:\/\/archive.sana.sy\/es\/index.php?rest_route=\/wp\/v2\/media\/268516"}],"wp:attachment":[{"href":"https:\/\/archive.sana.sy\/es\/index.php?rest_route=%2Fwp%2Fv2%2Fmedia&parent=268513"}],"wp:term":[{"taxonomy":"category","embeddable":true,"href":"https:\/\/archive.sana.sy\/es\/index.php?rest_route=%2Fwp%2Fv2%2Fcategories&post=268513"},{"taxonomy":"post_tag","embeddable":true,"href":"https:\/\/archive.sana.sy\/es\/index.php?rest_route=%2Fwp%2Fv2%2Ftags&post=268513"}],"curies":[{"name":"wp","href":"https:\/\/api.w.org\/{rel}","templated":true}]}}