{"id":26852,"date":"2015-07-18T17:19:28","date_gmt":"2015-07-18T14:19:28","guid":{"rendered":"http:\/\/sana.sy\/es\/?p=26852"},"modified":"2023-01-10T15:29:07","modified_gmt":"2023-01-10T13:29:07","slug":"primer-ministro-inspecciona-la-situacion-del-agua-en-la-capital-damasco","status":"publish","type":"post","link":"https:\/\/archive.sana.sy\/es\/?p=26852","title":{"rendered":"Primer Ministro inspecciona la situaci\u00f3n del agua en la capital Damasco"},"content":{"rendered":"<p><span style=\"color: #800000\">Damasco, SANA<\/span><\/p>\n<p>Cumpliendo instrucciones del presidente Bashar al-Assad, el primer ministro Wael al-Halqui, acompa\u00f1ado por el ministro de Recursos H\u00eddricos y el Gobernador de Damasco, efectu\u00f3 este s\u00e1bado un recorrido en el Establecimiento P\u00fablico del Agua potable y algunos de sus sucursales y en el Laboratorio Central para el Control de la Calidad del Agua.<\/p>\n<p>Al-Halqui se\u00f1al\u00f3 que la situaci\u00f3n del agua y sus niveles en Damasco se encuentran bien pese a los ataques terroristas librados contra las fuentes h\u00eddricas que alimentan la capital.<\/p>\n<p><img loading=\"lazy\" decoding=\"async\" class=\"aligncenter size-medium wp-image-26857\" src=\"http:\/\/sana.sy\/es\/wp-content\/uploads\/2015\/07\/Halqui-Damasco-5-300x199.jpg\" alt=\"Halqui Damasco 5\" width=\"300\" height=\"199\" srcset=\"https:\/\/archive.sana.sy\/es\/wp-content\/uploads\/2015\/07\/Halqui-Damasco-5-300x199.jpg 300w, https:\/\/archive.sana.sy\/es\/wp-content\/uploads\/2015\/07\/Halqui-Damasco-5-150x100.jpg 150w, https:\/\/archive.sana.sy\/es\/wp-content\/uploads\/2015\/07\/Halqui-Damasco-5.jpg 500w\" sizes=\"(max-width: 300px) 100vw, 300px\" \/><\/p>\n<p>Asimismo revel\u00f3 que el 70 por ciento de las necesidades de la capital de agua est\u00e1 asegurado, y recalc\u00f3 que el agua seg\u00fan el Laboratorio Central de Control de Calidad del Agua es pura, limpia y sana, al contrario de las noticias difundidas por algunos medios de comunicaci\u00f3n que tratan de perjudicar la situaci\u00f3n del agua en Siria.<\/p>\n<p>El jefe del Ejecutivo hizo hincapi\u00e9 en que el Ministerio de Recursos H\u00eddricos se est\u00e1 esforzando 24 horas para mejorar la situaci\u00f3n del agua a trav\u00e9s de un equilibrado y eficiente programa de racionalizaci\u00f3n y la perforaci\u00f3n de m\u00e1s pozos.<\/p>\n<p><img loading=\"lazy\" decoding=\"async\" class=\"aligncenter size-medium wp-image-26855\" src=\"http:\/\/sana.sy\/es\/wp-content\/uploads\/2015\/07\/Halqui-Damasco-3-300x160.jpg\" alt=\"Halqui Damasco 3\" width=\"300\" height=\"160\" srcset=\"https:\/\/archive.sana.sy\/es\/wp-content\/uploads\/2015\/07\/Halqui-Damasco-3-300x160.jpg 300w, https:\/\/archive.sana.sy\/es\/wp-content\/uploads\/2015\/07\/Halqui-Damasco-3-150x80.jpg 150w, https:\/\/archive.sana.sy\/es\/wp-content\/uploads\/2015\/07\/Halqui-Damasco-3.jpg 620w\" sizes=\"(max-width: 300px) 100vw, 300px\" \/><\/p>\n<p>En cuanto a la situaci\u00f3n del agua en la provincia septentrional de Alepo, el Primer Ministro destac\u00f3 que el Gobierno est\u00e1 desempe\u00f1ando enormes esfuerzos para garantizar el agua potable en la misma, aclarando que el problema reside b\u00e1sicamente en el mecanismo de proporcionar energ\u00eda el\u00e9ctrica para las plantas de purificaci\u00f3n y bombeo.<\/p>\n<p><img loading=\"lazy\" decoding=\"async\" class=\"aligncenter size-medium wp-image-26856\" src=\"http:\/\/sana.sy\/es\/wp-content\/uploads\/2015\/07\/Halqui-Damasco-4-300x197.jpg\" alt=\"Halqui Damasco 4\" width=\"300\" height=\"197\" srcset=\"https:\/\/archive.sana.sy\/es\/wp-content\/uploads\/2015\/07\/Halqui-Damasco-4-300x197.jpg 300w, https:\/\/archive.sana.sy\/es\/wp-content\/uploads\/2015\/07\/Halqui-Damasco-4-150x98.jpg 150w, https:\/\/archive.sana.sy\/es\/wp-content\/uploads\/2015\/07\/Halqui-Damasco-4.jpg 500w\" sizes=\"(max-width: 300px) 100vw, 300px\" \/><\/p>\n<p>El jefe del Gabinete asegur\u00f3 que la situaci\u00f3n del agua en la ciudad de Alepo ha comenzado este s\u00e1bado a mejorarse debido al regreso de la electricidad a la ciudad norte\u00f1a, revelando que el 50 de sus necesidades ha sido proporcionado.<\/p>\n<p>Asimismo a\u00f1adi\u00f3 que en las pr\u00f3ximas horas el sector del agua en la ciudad norte\u00f1a presenciar\u00e1 m\u00e1s estabilidad.<\/p>\n<p>El Primer Ministro visit\u00f3 tambi\u00e9n puestos militares en la capital Damasco, donde expres\u00f3 a los soldados su orgullo por su alta moral que est\u00e1 reforzando la resistencia de Siria.<\/p>\n<p>&nbsp;<\/p>\n<p>Lynn A.<\/p>\n","protected":false},"excerpt":{"rendered":"<p>Damasco, SANA Cumpliendo instrucciones del presidente Bashar al-Assad, el primer ministro Wael al-Halqui, acompa\u00f1ado por el ministro de Recursos H\u00eddricos y el Gobernador de Damasco, efectu\u00f3 este s\u00e1bado un recorrido en el Establecimiento P\u00fablico del Agua potable y algunos de sus sucursales y en el Laboratorio Central para el Control de la Calidad del Agua. &hellip;<\/p>\n","protected":false},"author":24,"featured_media":26853,"comment_status":"closed","ping_status":"closed","sticky":false,"template":"","format":"standard","meta":{"footnotes":""},"categories":[477,447,485,476],"tags":[6029],"class_list":["post-26852","post","type-post","status-publish","format-standard","has-post-thumbnail","","category-noticias-edulcorantes","category-local-politica","category-informes-negocios-y-finanzas","category-locales","tag-primer-ministro-inspecciona-la-situacion-del-agua-en-la-capital-damasco"],"_links":{"self":[{"href":"https:\/\/archive.sana.sy\/es\/index.php?rest_route=\/wp\/v2\/posts\/26852"}],"collection":[{"href":"https:\/\/archive.sana.sy\/es\/index.php?rest_route=\/wp\/v2\/posts"}],"about":[{"href":"https:\/\/archive.sana.sy\/es\/index.php?rest_route=\/wp\/v2\/types\/post"}],"author":[{"embeddable":true,"href":"https:\/\/archive.sana.sy\/es\/index.php?rest_route=\/wp\/v2\/users\/24"}],"replies":[{"embeddable":true,"href":"https:\/\/archive.sana.sy\/es\/index.php?rest_route=%2Fwp%2Fv2%2Fcomments&post=26852"}],"version-history":[{"count":0,"href":"https:\/\/archive.sana.sy\/es\/index.php?rest_route=\/wp\/v2\/posts\/26852\/revisions"}],"wp:featuredmedia":[{"embeddable":true,"href":"https:\/\/archive.sana.sy\/es\/index.php?rest_route=\/wp\/v2\/media\/26853"}],"wp:attachment":[{"href":"https:\/\/archive.sana.sy\/es\/index.php?rest_route=%2Fwp%2Fv2%2Fmedia&parent=26852"}],"wp:term":[{"taxonomy":"category","embeddable":true,"href":"https:\/\/archive.sana.sy\/es\/index.php?rest_route=%2Fwp%2Fv2%2Fcategories&post=26852"},{"taxonomy":"post_tag","embeddable":true,"href":"https:\/\/archive.sana.sy\/es\/index.php?rest_route=%2Fwp%2Fv2%2Ftags&post=26852"}],"curies":[{"name":"wp","href":"https:\/\/api.w.org\/{rel}","templated":true}]}}