{"id":268521,"date":"2023-01-04T14:20:03","date_gmt":"2023-01-04T12:20:03","guid":{"rendered":"http:\/\/107.6.182.27\/es\/?p=268521"},"modified":"2023-01-10T14:02:09","modified_gmt":"2023-01-10T12:02:09","slug":"bogdanov-y-jaafari-examinan-recientes-acontecimientos-en-siria","status":"publish","type":"post","link":"https:\/\/archive.sana.sy\/es\/?p=268521","title":{"rendered":"Bogd\u00e1nov y Jaafari examinan recientes acontecimientos en Siria"},"content":{"rendered":"<blockquote>\n<p style=\"text-align: justify;\"><em><span style=\"color: #800000;\"><strong>La Canciller\u00eda rusa inform\u00f3 en un comunicado los dos funcionarios sostuvieron una reuni\u00f3n en la que intercambiaron puntos de vista sobre los acontecimientos en Siria y sus alrededores.<\/strong><\/span><\/em><\/p>\n<\/blockquote>\n<p style=\"text-align: justify;\"><strong><span style=\"color: #800000;\">Mosc\u00fa, 04 ene (SANA)<\/span><\/strong>\u00a0 \u00a0 El representante especial del Presidente de Rusia para Medio Oriente y Pa\u00edses Africanos, y viceministro de Relaciones Exteriores, Mikhail Bogd\u00e1nov, abord\u00f3 con el embajador sirio en Mosc\u00fa, Bashar Jaafari, los recientes desarrollos en Siria.<\/p>\n<p style=\"text-align: justify;\">La Canciller\u00eda rusa inform\u00f3 en un comunicado los dos funcionarios sostuvieron una reuni\u00f3n en la que intercambiaron puntos de vista sobre los acontecimientos en Siria y sus alrededores.<\/p>\n<p style=\"text-align: justify;\">Las dos partes enfatizaron los principios de unidad, integridad territorial y soberan\u00eda de Siria.<\/p>\n<p style=\"text-align: justify;\">ed\/fm<\/p>\n","protected":false},"excerpt":{"rendered":"<p>La Canciller\u00eda rusa inform\u00f3 en un comunicado los dos funcionarios sostuvieron una reuni\u00f3n en la que intercambiaron puntos de vista sobre los acontecimientos en Siria y sus alrededores. Mosc\u00fa, 04 ene (SANA)\u00a0 \u00a0 El representante especial del Presidente de Rusia para Medio Oriente y Pa\u00edses Africanos, y viceministro de Relaciones Exteriores, Mikhail Bogd\u00e1nov, abord\u00f3 con &hellip;<\/p>\n","protected":false},"author":32,"featured_media":268529,"comment_status":"closed","ping_status":"closed","sticky":false,"template":"","format":"standard","meta":{"footnotes":""},"categories":[447,597,20724,467,7541],"tags":[],"class_list":["post-268521","post","type-post","status-publish","format-standard","has-post-thumbnail","","category-local-politica","category-cinta-de-noticias","category-minuto-a-minuto","category-siria-y-el-mundo","category-ultimas-noticias"],"_links":{"self":[{"href":"https:\/\/archive.sana.sy\/es\/index.php?rest_route=\/wp\/v2\/posts\/268521"}],"collection":[{"href":"https:\/\/archive.sana.sy\/es\/index.php?rest_route=\/wp\/v2\/posts"}],"about":[{"href":"https:\/\/archive.sana.sy\/es\/index.php?rest_route=\/wp\/v2\/types\/post"}],"author":[{"embeddable":true,"href":"https:\/\/archive.sana.sy\/es\/index.php?rest_route=\/wp\/v2\/users\/32"}],"replies":[{"embeddable":true,"href":"https:\/\/archive.sana.sy\/es\/index.php?rest_route=%2Fwp%2Fv2%2Fcomments&post=268521"}],"version-history":[{"count":0,"href":"https:\/\/archive.sana.sy\/es\/index.php?rest_route=\/wp\/v2\/posts\/268521\/revisions"}],"wp:featuredmedia":[{"embeddable":true,"href":"https:\/\/archive.sana.sy\/es\/index.php?rest_route=\/wp\/v2\/media\/268529"}],"wp:attachment":[{"href":"https:\/\/archive.sana.sy\/es\/index.php?rest_route=%2Fwp%2Fv2%2Fmedia&parent=268521"}],"wp:term":[{"taxonomy":"category","embeddable":true,"href":"https:\/\/archive.sana.sy\/es\/index.php?rest_route=%2Fwp%2Fv2%2Fcategories&post=268521"},{"taxonomy":"post_tag","embeddable":true,"href":"https:\/\/archive.sana.sy\/es\/index.php?rest_route=%2Fwp%2Fv2%2Ftags&post=268521"}],"curies":[{"name":"wp","href":"https:\/\/api.w.org\/{rel}","templated":true}]}}