{"id":268538,"date":"2023-01-04T15:28:11","date_gmt":"2023-01-04T13:28:11","guid":{"rendered":"http:\/\/107.6.182.27\/es\/?p=268538"},"modified":"2023-01-10T14:02:09","modified_gmt":"2023-01-10T12:02:09","slug":"siria-celebra-el-dia-mundial-del-braille","status":"publish","type":"post","link":"https:\/\/archive.sana.sy\/es\/?p=268538","title":{"rendered":"Siria celebra el D\u00eda Mundial del Braille"},"content":{"rendered":"<p style=\"text-align: justify\"><span style=\"color: #800000\"><strong>Damasco, 04 ene (SANA)<\/strong> <\/span>El mundo celebra el 4 de enero de cada a\u00f1o el D\u00eda Mundial del Braille para sensibilizar sobre la importancia de este medio de lecto-escritura en desarrollar las capacidades de las personas con ceguera o discapacidad visual.<\/p>\n<p style=\"text-align: justify\">En Siria, los ciegos y los discapacitados visuales estudian en institutos especiales dependientes del Ministerio de Asuntos Sociales y Trabajo, entre los cuales el Instituto de Educaci\u00f3n Especial para la Rehabilitaci\u00f3n de Ciegos en Damasco.<\/p>\n<p style=\"text-align: justify\">Este mismo imprime los planes de estudios en Braille con el fin de brindar a las personas con deficiencia visual el mismo nivel y la calidad de educaci\u00f3n que reciben los estudiantes videntes , seg\u00fan inform\u00f3 la directora del instituto, Nada Abu al-Shamat.<\/p>\n<p><img loading=\"lazy\" decoding=\"async\" class=\"size-medium wp-image-268539 alignleft\" src=\"http:\/\/107.6.182.27\/es\/wp-content\/uploads\/2023\/01\/Braille-2-300x184.jpg\" alt=\"\" width=\"300\" height=\"184\" srcset=\"https:\/\/archive.sana.sy\/es\/wp-content\/uploads\/2023\/01\/Braille-2-300x184.jpg 300w, https:\/\/archive.sana.sy\/es\/wp-content\/uploads\/2023\/01\/Braille-2-150x92.jpg 150w, https:\/\/archive.sana.sy\/es\/wp-content\/uploads\/2023\/01\/Braille-2.jpg 660w\" sizes=\"(max-width: 300px) 100vw, 300px\" \/><\/p>\n<p style=\"text-align: justify\">En este contexto marc\u00f3 que el a\u00f1o pasado, 100% de los estudiantes invidentes que estudiaron seg\u00fan sistema Braille en su instituto pasaron los ex\u00e1menes del certificado de secundaria general en su rama literaria.<\/p>\n<p style=\"text-align: justify\">Agreg\u00f3 que m\u00e1s de 160 alumnos de 6 a 18 a\u00f1os de edad estudian en este centro de educaci\u00f3n.<\/p>\n<p style=\"text-align: justify\">Asimismo la directora de la Asociaci\u00f3n al-Wiam para las Mujeres no Videntes, Maisaa al-Saqqa destac\u00f3 que su entidad ofrece cursos de Braille, adem\u00e1s de clases de idioma ingl\u00e9s y manejo de computadora, y a\u00f1adi\u00f3 que el n\u00famero de mujeres ciegas que se benefician de estos servicios es de 550 de 18 a\u00f1os y m\u00e1s.<\/p>\n<p style=\"text-align: justify\">En 2019, la ONU proclam\u00f3 el 04 de enero como D\u00eda Mundial del Braille, debido a que esta fecha coincide con el nacimiento de Louis Braille (1809-1852), el inventor de este sistema.<\/p>\n<p style=\"text-align: justify\">la<\/p>\n","protected":false},"excerpt":{"rendered":"<p>Damasco, 04 ene (SANA) El mundo celebra el 4 de enero de cada a\u00f1o el D\u00eda Mundial del Braille para sensibilizar sobre la importancia de este medio de lecto-escritura en desarrollar las capacidades de las personas con ceguera o discapacidad visual. En Siria, los ciegos y los discapacitados visuales estudian en institutos especiales dependientes del &hellip;<\/p>\n","protected":false},"author":24,"featured_media":268540,"comment_status":"closed","ping_status":"closed","sticky":false,"template":"","format":"standard","meta":{"footnotes":""},"categories":[447,597,20724,476,7541],"tags":[],"class_list":["post-268538","post","type-post","status-publish","format-standard","has-post-thumbnail","","category-local-politica","category-cinta-de-noticias","category-minuto-a-minuto","category-locales","category-ultimas-noticias"],"_links":{"self":[{"href":"https:\/\/archive.sana.sy\/es\/index.php?rest_route=\/wp\/v2\/posts\/268538"}],"collection":[{"href":"https:\/\/archive.sana.sy\/es\/index.php?rest_route=\/wp\/v2\/posts"}],"about":[{"href":"https:\/\/archive.sana.sy\/es\/index.php?rest_route=\/wp\/v2\/types\/post"}],"author":[{"embeddable":true,"href":"https:\/\/archive.sana.sy\/es\/index.php?rest_route=\/wp\/v2\/users\/24"}],"replies":[{"embeddable":true,"href":"https:\/\/archive.sana.sy\/es\/index.php?rest_route=%2Fwp%2Fv2%2Fcomments&post=268538"}],"version-history":[{"count":0,"href":"https:\/\/archive.sana.sy\/es\/index.php?rest_route=\/wp\/v2\/posts\/268538\/revisions"}],"wp:featuredmedia":[{"embeddable":true,"href":"https:\/\/archive.sana.sy\/es\/index.php?rest_route=\/wp\/v2\/media\/268540"}],"wp:attachment":[{"href":"https:\/\/archive.sana.sy\/es\/index.php?rest_route=%2Fwp%2Fv2%2Fmedia&parent=268538"}],"wp:term":[{"taxonomy":"category","embeddable":true,"href":"https:\/\/archive.sana.sy\/es\/index.php?rest_route=%2Fwp%2Fv2%2Fcategories&post=268538"},{"taxonomy":"post_tag","embeddable":true,"href":"https:\/\/archive.sana.sy\/es\/index.php?rest_route=%2Fwp%2Fv2%2Ftags&post=268538"}],"curies":[{"name":"wp","href":"https:\/\/api.w.org\/{rel}","templated":true}]}}