{"id":268545,"date":"2023-01-04T16:49:35","date_gmt":"2023-01-04T14:49:35","guid":{"rendered":"http:\/\/107.6.182.27\/es\/?p=268545"},"modified":"2023-01-10T15:48:02","modified_gmt":"2023-01-10T13:48:02","slug":"fuerzas-del-ocupante-israeli-demuele-varias-casas-y-arranca-250-olivos-en-cisjordania","status":"publish","type":"post","link":"https:\/\/archive.sana.sy\/es\/?p=268545","title":{"rendered":"Fuerzas del ocupante israel\u00ed demuelen varias casas y arrancan 250 olivos en Cisjordania"},"content":{"rendered":"<p style=\"text-align: justify\"><span style=\"color: #800000\"><strong>Jerusal\u00e9n ocupada , 04 ene (SANA)<\/strong> <\/span>Las fuerzas israel\u00edes han continuado con sus salvajadas en el territorio palestino ocupado, donde demolieron este mi\u00e9rcoles varias casas y desraizaron a 250 olivos en distintas \u00e1reas de Cisjordania.<\/p>\n<p style=\"text-align: justify\">La agencia de noticias palestina Wafa se\u00f1al\u00f3 que las fuerzas ocupantes allanaron las ciudades de Silwan en la ciudad de Quds (Jerusal\u00e9n), y el Nabi El\u00edas, al este de Qalqilya, y demolieron dos casas. Tambi\u00e9n asaltaron la ciudad de Al-Mughayyir, al norte de Ramallah, y desmantelaron varias viviendas en terrenos agr\u00edcolas y arrancado 250 olivos.<\/p>\n<p style=\"text-align: justify\">En incidentes anteriores, decenas de palestinos resultaron heridos hoy como resultado de ataques lanzados por las fuerzas de ocupaci\u00f3n durante la demolici\u00f3n de una instalaci\u00f3n agr\u00edcola en la ciudad de al-Kheder, al sur de Bel\u00e9n en Cisjordania.<\/p>\n<p style=\"text-align: justify\">la<\/p>\n","protected":false},"excerpt":{"rendered":"<p>Jerusal\u00e9n ocupada , 04 ene (SANA) Las fuerzas israel\u00edes han continuado con sus salvajadas en el territorio palestino ocupado, donde demolieron este mi\u00e9rcoles varias casas y desraizaron a 250 olivos en distintas \u00e1reas de Cisjordania. La agencia de noticias palestina Wafa se\u00f1al\u00f3 que las fuerzas ocupantes allanaron las ciudades de Silwan en la ciudad de &hellip;<\/p>\n","protected":false},"author":24,"featured_media":268546,"comment_status":"closed","ping_status":"closed","sticky":false,"template":"","format":"standard","meta":{"footnotes":""},"categories":[447,597,456,20724,7541],"tags":[],"class_list":["post-268545","post","type-post","status-publish","format-standard","has-post-thumbnail","","category-local-politica","category-cinta-de-noticias","category-arabe-internacional-politica","category-minuto-a-minuto","category-ultimas-noticias"],"_links":{"self":[{"href":"https:\/\/archive.sana.sy\/es\/index.php?rest_route=\/wp\/v2\/posts\/268545"}],"collection":[{"href":"https:\/\/archive.sana.sy\/es\/index.php?rest_route=\/wp\/v2\/posts"}],"about":[{"href":"https:\/\/archive.sana.sy\/es\/index.php?rest_route=\/wp\/v2\/types\/post"}],"author":[{"embeddable":true,"href":"https:\/\/archive.sana.sy\/es\/index.php?rest_route=\/wp\/v2\/users\/24"}],"replies":[{"embeddable":true,"href":"https:\/\/archive.sana.sy\/es\/index.php?rest_route=%2Fwp%2Fv2%2Fcomments&post=268545"}],"version-history":[{"count":0,"href":"https:\/\/archive.sana.sy\/es\/index.php?rest_route=\/wp\/v2\/posts\/268545\/revisions"}],"wp:featuredmedia":[{"embeddable":true,"href":"https:\/\/archive.sana.sy\/es\/index.php?rest_route=\/wp\/v2\/media\/268546"}],"wp:attachment":[{"href":"https:\/\/archive.sana.sy\/es\/index.php?rest_route=%2Fwp%2Fv2%2Fmedia&parent=268545"}],"wp:term":[{"taxonomy":"category","embeddable":true,"href":"https:\/\/archive.sana.sy\/es\/index.php?rest_route=%2Fwp%2Fv2%2Fcategories&post=268545"},{"taxonomy":"post_tag","embeddable":true,"href":"https:\/\/archive.sana.sy\/es\/index.php?rest_route=%2Fwp%2Fv2%2Ftags&post=268545"}],"curies":[{"name":"wp","href":"https:\/\/api.w.org\/{rel}","templated":true}]}}