{"id":268554,"date":"2023-01-04T17:44:55","date_gmt":"2023-01-04T15:44:55","guid":{"rendered":"http:\/\/107.6.182.27\/es\/?p=268554"},"modified":"2023-01-10T15:48:02","modified_gmt":"2023-01-10T13:48:02","slug":"csnu-celebrara-manana-una-sesion-para-debatir-escalada-de-las-agresiones-israelies-contra-pueblo-palestino-y-sus-lugares-sagrados","status":"publish","type":"post","link":"https:\/\/archive.sana.sy\/es\/?p=268554","title":{"rendered":"CSNU celebrar\u00e1 ma\u00f1ana una sesi\u00f3n para debatir escalada israel\u00ed contra lugares sagrados palestinos"},"content":{"rendered":"<p style=\"text-align: justify\"><span style=\"color: #800000\"><strong>Nueva York, 04 ene (SANA)<\/strong><\/span> El embajador de Palestina ante las Naciones Unidas, Riyad Mansour, anunci\u00f3 que el Consejo de Seguridad celebrar\u00e1 ma\u00f1ana el jueves una sesi\u00f3n de emergencia para debatir las violaciones del ocupante israel\u00ed y sus incesantes ataques contra el pueblo palestino y sus lugares sagrados.<\/p>\n<p style=\"text-align: justify\">La agencia de noticias palestina WAFA cit\u00f3 a Mansour diciendo que en la sesi\u00f3n se abordar\u00e1n las violaciones israel\u00edes en al-Quds (Jerusal\u00e9n), especialmente la irrupci\u00f3n del ministro del gobierno israel\u00ed, Itamar Ben-Gvir, en la explanada de la Mezquita Al-Aqsa.<\/p>\n<p style=\"text-align: justify\">Mansour se\u00f1al\u00f3 la importancia de que la comunidad internacional unifique posturas para condenar y rechazar las pr\u00e1cticas del ocupante y sus continuas violaciones contra los palestinos, incluidas los linchamientos, asesinatos arbitrarios, la confiscaci\u00f3n de tierras palestinas y las continuas agresiones contra las santidades musulmanes y cristianas.<\/p>\n<p style=\"text-align: justify\">la<\/p>\n","protected":false},"excerpt":{"rendered":"<p>Nueva York, 04 ene (SANA) El embajador de Palestina ante las Naciones Unidas, Riyad Mansour, anunci\u00f3 que el Consejo de Seguridad celebrar\u00e1 ma\u00f1ana el jueves una sesi\u00f3n de emergencia para debatir las violaciones del ocupante israel\u00ed y sus incesantes ataques contra el pueblo palestino y sus lugares sagrados. La agencia de noticias palestina WAFA cit\u00f3 &hellip;<\/p>\n","protected":false},"author":24,"featured_media":268555,"comment_status":"closed","ping_status":"closed","sticky":false,"template":"","format":"standard","meta":{"footnotes":""},"categories":[597,456,20724,7541],"tags":[],"class_list":["post-268554","post","type-post","status-publish","format-standard","has-post-thumbnail","","category-cinta-de-noticias","category-arabe-internacional-politica","category-minuto-a-minuto","category-ultimas-noticias"],"_links":{"self":[{"href":"https:\/\/archive.sana.sy\/es\/index.php?rest_route=\/wp\/v2\/posts\/268554"}],"collection":[{"href":"https:\/\/archive.sana.sy\/es\/index.php?rest_route=\/wp\/v2\/posts"}],"about":[{"href":"https:\/\/archive.sana.sy\/es\/index.php?rest_route=\/wp\/v2\/types\/post"}],"author":[{"embeddable":true,"href":"https:\/\/archive.sana.sy\/es\/index.php?rest_route=\/wp\/v2\/users\/24"}],"replies":[{"embeddable":true,"href":"https:\/\/archive.sana.sy\/es\/index.php?rest_route=%2Fwp%2Fv2%2Fcomments&post=268554"}],"version-history":[{"count":0,"href":"https:\/\/archive.sana.sy\/es\/index.php?rest_route=\/wp\/v2\/posts\/268554\/revisions"}],"wp:featuredmedia":[{"embeddable":true,"href":"https:\/\/archive.sana.sy\/es\/index.php?rest_route=\/wp\/v2\/media\/268555"}],"wp:attachment":[{"href":"https:\/\/archive.sana.sy\/es\/index.php?rest_route=%2Fwp%2Fv2%2Fmedia&parent=268554"}],"wp:term":[{"taxonomy":"category","embeddable":true,"href":"https:\/\/archive.sana.sy\/es\/index.php?rest_route=%2Fwp%2Fv2%2Fcategories&post=268554"},{"taxonomy":"post_tag","embeddable":true,"href":"https:\/\/archive.sana.sy\/es\/index.php?rest_route=%2Fwp%2Fv2%2Ftags&post=268554"}],"curies":[{"name":"wp","href":"https:\/\/api.w.org\/{rel}","templated":true}]}}