{"id":268560,"date":"2023-01-04T18:13:35","date_gmt":"2023-01-04T16:13:35","guid":{"rendered":"http:\/\/107.6.182.27\/es\/?p=268560"},"modified":"2023-01-10T14:02:08","modified_gmt":"2023-01-10T12:02:08","slug":"presidente-al-assad-recibe-al-canciller-emirato-y-eau-reitera-su-apoyo-a-la-soberania-de-siria","status":"publish","type":"post","link":"https:\/\/archive.sana.sy\/es\/?p=268560","title":{"rendered":"Presidente al-Assad examina con el Canciller de los Emiratos \u00c1rabes Unidos v\u00edas de mejorar la cooperaci\u00f3n econ\u00f3mica"},"content":{"rendered":"<p style=\"text-align: justify\"><span style=\"color: #800000\"><strong>Damasco, 04 ene (SANA)<\/strong> <\/span>El presidente, Bashar al-Assad recibi\u00f3 este mi\u00e9rcoles a su Alteza el Sheikh Abdullah bin Zayed Al Nahyan, ministro de Relaciones Exteriores y Cooperaci\u00f3n Internacional de los Emiratos \u00c1rabes Unidos, y la delegaci\u00f3n acompa\u00f1ante.<\/p>\n<p style=\"text-align: justify\">El mandatario sirio examin\u00f3 con el Canciller emirat\u00ed las distinguidas relaciones fraternales y la cooperaci\u00f3n multifac\u00e9tica entre Siria y el pa\u00eds del Golfo, as\u00ed como las v\u00edas de desarrollar las relaciones econ\u00f3micas y comerciales en beneficio de los dos pa\u00edses y pueblos hermanos.<\/p>\n<p style=\"text-align: justify\">Ambas partes abordaron tambi\u00e9n los \u00faltimos acontecimientos en la escena tanto regional como internacional.<\/p>\n<p style=\"text-align: justify\">El presidente al-Assad enfatiz\u00f3 que las relaciones entre Siria y los Emiratos \u00c1rabes Unidos son hist\u00f3ricas, y es natural que recuperen la profundidad de la que se caracterizaron durante d\u00e9cadas, con el fin de servir a los intereses de los dos pa\u00edses y pueblos, as\u00ed como en servicio de los asuntos de la regi\u00f3n y la estabilidad en la misma.<\/p>\n<p style=\"text-align: justify\">En este contexto resalt\u00f3 el importante y positivo papel que desempe\u00f1a los EAU en el mundo \u00e1rabe.<\/p>\n<p style=\"text-align: justify\">El ministro emirat\u00ed transmiti\u00f3 al presidente al-Assad los saludos de su Alteza el Sheikh Mohammed bin Zayed Al Nahyan, Presidente de los Emiratos \u00c1rabes Unidos, y el Sheikh Mohammed bin Rashid Al Maktoum, Vicepresidente de Estado, y manifest\u00f3 la disposici\u00f3n de su pa\u00eds para mejorar y ampliar la cooperaci\u00f3n binacional , y continuar las consultas y la coordinaci\u00f3n con Siria sobre varios temas.<\/p>\n<p style=\"text-align: justify\">El Sheikh Abdullah bin Zayed reiter\u00f3 el apoyo de su pa\u00eds a la estabilidad y soberan\u00eda de Siria sobre todo su territorio, y expres\u00f3 la confianza de los EAU en que el pueblo sirio lograr\u00e1, gracias a su firme voluntad devolver el bienestar y el desarrollo a su pa\u00eds.<\/p>\n<p style=\"text-align: justify\">Su Alteza el Sheikh Abdullah bin Zayed Al Nahyan lleg\u00f3 esta tarde a Damasco, acompa\u00f1ado por el Sr. Ali bin Hammad Al Shamsi, Secretario General Adjunto del Consejo Supremo de Seguridad Nacional, el Sr. Saeed Mubarak Al-Hajri, Ministro adjunto de Relaciones Exteriores Asuntos Econ\u00f3micos y Comerciales y varios funcionarios del Ministerio de Relaciones Exteriores.<\/p>\n<p>&nbsp;<\/p>\n<div id='gallery-1' class='gallery galleryid-268560 gallery-columns-1 gallery-size-large'><figure class='gallery-item'>\n\t\t\t<div class='gallery-icon landscape'>\n\t\t\t\t<a href='https:\/\/archive.sana.sy\/es\/wp-content\/uploads\/2023\/01\/8-1-scaled.jpg'><img loading=\"lazy\" decoding=\"async\" width=\"618\" height=\"365\" src=\"https:\/\/archive.sana.sy\/es\/wp-content\/uploads\/2023\/01\/8-1-1024x605.jpg\" class=\"attachment-large size-large\" alt=\"\" srcset=\"https:\/\/archive.sana.sy\/es\/wp-content\/uploads\/2023\/01\/8-1-1024x605.jpg 1024w, https:\/\/archive.sana.sy\/es\/wp-content\/uploads\/2023\/01\/8-1-300x177.jpg 300w, https:\/\/archive.sana.sy\/es\/wp-content\/uploads\/2023\/01\/8-1-150x89.jpg 150w, https:\/\/archive.sana.sy\/es\/wp-content\/uploads\/2023\/01\/8-1-768x454.jpg 768w, https:\/\/archive.sana.sy\/es\/wp-content\/uploads\/2023\/01\/8-1-1536x907.jpg 1536w, https:\/\/archive.sana.sy\/es\/wp-content\/uploads\/2023\/01\/8-1-2048x1210.jpg 2048w\" sizes=\"(max-width: 618px) 100vw, 618px\" \/><\/a>\n\t\t\t<\/div><\/figure><figure class='gallery-item'>\n\t\t\t<div class='gallery-icon landscape'>\n\t\t\t\t<a href='https:\/\/archive.sana.sy\/es\/wp-content\/uploads\/2023\/01\/4-scaled.jpg'><img loading=\"lazy\" decoding=\"async\" width=\"618\" height=\"325\" src=\"https:\/\/archive.sana.sy\/es\/wp-content\/uploads\/2023\/01\/4-1024x539.jpg\" class=\"attachment-large size-large\" alt=\"\" srcset=\"https:\/\/archive.sana.sy\/es\/wp-content\/uploads\/2023\/01\/4-1024x539.jpg 1024w, https:\/\/archive.sana.sy\/es\/wp-content\/uploads\/2023\/01\/4-300x158.jpg 300w, https:\/\/archive.sana.sy\/es\/wp-content\/uploads\/2023\/01\/4-150x79.jpg 150w, https:\/\/archive.sana.sy\/es\/wp-content\/uploads\/2023\/01\/4-768x404.jpg 768w, https:\/\/archive.sana.sy\/es\/wp-content\/uploads\/2023\/01\/4-1536x809.jpg 1536w, https:\/\/archive.sana.sy\/es\/wp-content\/uploads\/2023\/01\/4-2048x1079.jpg 2048w\" sizes=\"(max-width: 618px) 100vw, 618px\" \/><\/a>\n\t\t\t<\/div><\/figure><figure class='gallery-item'>\n\t\t\t<div class='gallery-icon landscape'>\n\t\t\t\t<a href='https:\/\/archive.sana.sy\/es\/wp-content\/uploads\/2023\/01\/7-1-scaled.jpg'><img loading=\"lazy\" decoding=\"async\" width=\"618\" height=\"325\" src=\"https:\/\/archive.sana.sy\/es\/wp-content\/uploads\/2023\/01\/7-1-1024x539.jpg\" class=\"attachment-large size-large\" alt=\"\" srcset=\"https:\/\/archive.sana.sy\/es\/wp-content\/uploads\/2023\/01\/7-1-1024x539.jpg 1024w, https:\/\/archive.sana.sy\/es\/wp-content\/uploads\/2023\/01\/7-1-300x158.jpg 300w, https:\/\/archive.sana.sy\/es\/wp-content\/uploads\/2023\/01\/7-1-150x79.jpg 150w, https:\/\/archive.sana.sy\/es\/wp-content\/uploads\/2023\/01\/7-1-768x404.jpg 768w, https:\/\/archive.sana.sy\/es\/wp-content\/uploads\/2023\/01\/7-1-1536x809.jpg 1536w, https:\/\/archive.sana.sy\/es\/wp-content\/uploads\/2023\/01\/7-1-2048x1079.jpg 2048w\" sizes=\"(max-width: 618px) 100vw, 618px\" \/><\/a>\n\t\t\t<\/div><\/figure><figure class='gallery-item'>\n\t\t\t<div class='gallery-icon landscape'>\n\t\t\t\t<a href='https:\/\/archive.sana.sy\/es\/wp-content\/uploads\/2023\/01\/2-1-scaled.jpg'><img loading=\"lazy\" decoding=\"async\" width=\"618\" height=\"467\" src=\"https:\/\/archive.sana.sy\/es\/wp-content\/uploads\/2023\/01\/2-1-1024x774.jpg\" class=\"attachment-large size-large\" alt=\"\" srcset=\"https:\/\/archive.sana.sy\/es\/wp-content\/uploads\/2023\/01\/2-1-1024x774.jpg 1024w, https:\/\/archive.sana.sy\/es\/wp-content\/uploads\/2023\/01\/2-1-300x227.jpg 300w, https:\/\/archive.sana.sy\/es\/wp-content\/uploads\/2023\/01\/2-1-150x113.jpg 150w, https:\/\/archive.sana.sy\/es\/wp-content\/uploads\/2023\/01\/2-1-768x580.jpg 768w, https:\/\/archive.sana.sy\/es\/wp-content\/uploads\/2023\/01\/2-1-1536x1161.jpg 1536w, https:\/\/archive.sana.sy\/es\/wp-content\/uploads\/2023\/01\/2-1-2048x1547.jpg 2048w\" sizes=\"(max-width: 618px) 100vw, 618px\" \/><\/a>\n\t\t\t<\/div><\/figure><figure class='gallery-item'>\n\t\t\t<div class='gallery-icon portrait'>\n\t\t\t\t<a href='https:\/\/archive.sana.sy\/es\/wp-content\/uploads\/2023\/01\/9-1-scaled.jpg'><img loading=\"lazy\" decoding=\"async\" width=\"618\" height=\"927\" src=\"https:\/\/archive.sana.sy\/es\/wp-content\/uploads\/2023\/01\/9-1-683x1024.jpg\" class=\"attachment-large size-large\" alt=\"\" srcset=\"https:\/\/archive.sana.sy\/es\/wp-content\/uploads\/2023\/01\/9-1-683x1024.jpg 683w, https:\/\/archive.sana.sy\/es\/wp-content\/uploads\/2023\/01\/9-1-200x300.jpg 200w, https:\/\/archive.sana.sy\/es\/wp-content\/uploads\/2023\/01\/9-1-100x150.jpg 100w, https:\/\/archive.sana.sy\/es\/wp-content\/uploads\/2023\/01\/9-1-768x1152.jpg 768w, https:\/\/archive.sana.sy\/es\/wp-content\/uploads\/2023\/01\/9-1-1024x1536.jpg 1024w, https:\/\/archive.sana.sy\/es\/wp-content\/uploads\/2023\/01\/9-1-1365x2048.jpg 1365w, https:\/\/archive.sana.sy\/es\/wp-content\/uploads\/2023\/01\/9-1-scaled.jpg 1707w\" sizes=\"(max-width: 618px) 100vw, 618px\" \/><\/a>\n\t\t\t<\/div><\/figure><figure class='gallery-item'>\n\t\t\t<div class='gallery-icon landscape'>\n\t\t\t\t<a href='https:\/\/archive.sana.sy\/es\/wp-content\/uploads\/2023\/01\/6-1-scaled.jpg'><img loading=\"lazy\" decoding=\"async\" width=\"618\" height=\"615\" src=\"https:\/\/archive.sana.sy\/es\/wp-content\/uploads\/2023\/01\/6-1-1024x1019.jpg\" class=\"attachment-large size-large\" alt=\"\" srcset=\"https:\/\/archive.sana.sy\/es\/wp-content\/uploads\/2023\/01\/6-1-1024x1019.jpg 1024w, https:\/\/archive.sana.sy\/es\/wp-content\/uploads\/2023\/01\/6-1-300x298.jpg 300w, https:\/\/archive.sana.sy\/es\/wp-content\/uploads\/2023\/01\/6-1-150x150.jpg 150w, https:\/\/archive.sana.sy\/es\/wp-content\/uploads\/2023\/01\/6-1-768x764.jpg 768w, https:\/\/archive.sana.sy\/es\/wp-content\/uploads\/2023\/01\/6-1-1536x1528.jpg 1536w, https:\/\/archive.sana.sy\/es\/wp-content\/uploads\/2023\/01\/6-1-2048x2038.jpg 2048w\" sizes=\"(max-width: 618px) 100vw, 618px\" \/><\/a>\n\t\t\t<\/div><\/figure>\n\t\t<\/div>\n\n<p style=\"text-align: justify\">la<\/p>\n","protected":false},"excerpt":{"rendered":"<p>Damasco, 04 ene (SANA) El presidente, Bashar al-Assad recibi\u00f3 este mi\u00e9rcoles a su Alteza el Sheikh Abdullah bin Zayed Al Nahyan, ministro de Relaciones Exteriores y Cooperaci\u00f3n Internacional de los Emiratos \u00c1rabes Unidos, y la delegaci\u00f3n acompa\u00f1ante. El mandatario sirio examin\u00f3 con el Canciller emirat\u00ed las distinguidas relaciones fraternales y la cooperaci\u00f3n multifac\u00e9tica entre Siria &hellip;<\/p>\n","protected":false},"author":24,"featured_media":268561,"comment_status":"closed","ping_status":"closed","sticky":false,"template":"","format":"standard","meta":{"footnotes":""},"categories":[447,597,19009,20724,16237,583,626],"tags":[],"class_list":["post-268560","post","type-post","status-publish","format-standard","has-post-thumbnail","","category-local-politica","category-cinta-de-noticias","category-elecciones-presidenciales-2021","category-minuto-a-minuto","category-presidence-de-la-republique-arabe-syria","category-slide","category-sr-presidente"],"_links":{"self":[{"href":"https:\/\/archive.sana.sy\/es\/index.php?rest_route=\/wp\/v2\/posts\/268560"}],"collection":[{"href":"https:\/\/archive.sana.sy\/es\/index.php?rest_route=\/wp\/v2\/posts"}],"about":[{"href":"https:\/\/archive.sana.sy\/es\/index.php?rest_route=\/wp\/v2\/types\/post"}],"author":[{"embeddable":true,"href":"https:\/\/archive.sana.sy\/es\/index.php?rest_route=\/wp\/v2\/users\/24"}],"replies":[{"embeddable":true,"href":"https:\/\/archive.sana.sy\/es\/index.php?rest_route=%2Fwp%2Fv2%2Fcomments&post=268560"}],"version-history":[{"count":0,"href":"https:\/\/archive.sana.sy\/es\/index.php?rest_route=\/wp\/v2\/posts\/268560\/revisions"}],"wp:featuredmedia":[{"embeddable":true,"href":"https:\/\/archive.sana.sy\/es\/index.php?rest_route=\/wp\/v2\/media\/268561"}],"wp:attachment":[{"href":"https:\/\/archive.sana.sy\/es\/index.php?rest_route=%2Fwp%2Fv2%2Fmedia&parent=268560"}],"wp:term":[{"taxonomy":"category","embeddable":true,"href":"https:\/\/archive.sana.sy\/es\/index.php?rest_route=%2Fwp%2Fv2%2Fcategories&post=268560"},{"taxonomy":"post_tag","embeddable":true,"href":"https:\/\/archive.sana.sy\/es\/index.php?rest_route=%2Fwp%2Fv2%2Ftags&post=268560"}],"curies":[{"name":"wp","href":"https:\/\/api.w.org\/{rel}","templated":true}]}}