{"id":26859,"date":"2015-07-18T17:41:34","date_gmt":"2015-07-18T14:41:34","guid":{"rendered":"http:\/\/sana.sy\/es\/?p=26859"},"modified":"2015-07-18T17:41:34","modified_gmt":"2015-07-18T14:41:34","slug":"lider-de-la-revolucion-islamica-de-iran-reitera-la-solidaridad-de-su-pais-con-siria","status":"publish","type":"post","link":"https:\/\/archive.sana.sy\/es\/?p=26859","title":{"rendered":"L\u00edder de la Revoluci\u00f3n Isl\u00e1mica de Ir\u00e1n reitera la solidaridad de su pa\u00eds con Siria"},"content":{"rendered":"<p><span style=\"color: #800000\">Teher\u00e1n, SANA<\/span><\/p>\n<p>El L\u00edder de la Revoluci\u00f3n Isl\u00e1mica de Ir\u00e1n, el ayatol\u00e1 Seyed Ali Jamenei reiter\u00f3 el apoyo de su pa\u00eds a Siria que \u201cest\u00e1 luchando con firmeza y fuerza contra el terrorismo y el sionismo\u201d.<\/p>\n<p>Tras haber recibido este s\u00e1bado con motivo de Eid al-Fitr a altos funcionarios del Estado presa y algunos embajadores de pa\u00edses acreditados en Ir\u00e1n, entre ellos el jefe de la misi\u00f3n diplom\u00e1tica siria, Adanan Mahmoud, el L\u00edder de la Revoluci\u00f3n Isl\u00e1mica iran\u00ed asever\u00f3 que su pa\u00eds no busca intereses personales en la regi\u00f3n, inclusive Irak, Siria, Yemen, el L\u00edbano y Bahr\u00e9in, sino que considera que el due\u00f1o de la decisi\u00f3n principal en estos pa\u00edses son sus propios pueblos y nadie tiene derecho a intervenir o tomar decisiones en lugar de estos pueblos.<\/p>\n<p>Asimismo critic\u00f3 que la Administraci\u00f3n estadounidense considera que la Resistencia Libanesa es terrorista y que Ir\u00e1n es un pa\u00eds que apoya al terrorismo, sin embargo los verdaderos terroristas es EEUU que ha creado la organizaci\u00f3n terrorista del Estado Isl\u00e1mico y que siguen brindando apoyo al ente sionista, resaltando la necesidad de que este pa\u00eds rinde cuentas por su patrocinio al terrorismo.<br \/>\nLynn A.<\/p>\n","protected":false},"excerpt":{"rendered":"<p>Teher\u00e1n, SANA El L\u00edder de la Revoluci\u00f3n Isl\u00e1mica de Ir\u00e1n, el ayatol\u00e1 Seyed Ali Jamenei reiter\u00f3 el apoyo de su pa\u00eds a Siria que \u201cest\u00e1 luchando con firmeza y fuerza contra el terrorismo y el sionismo\u201d. Tras haber recibido este s\u00e1bado con motivo de Eid al-Fitr a altos funcionarios del Estado presa y algunos embajadores &hellip;<\/p>\n","protected":false},"author":24,"featured_media":26860,"comment_status":"closed","ping_status":"closed","sticky":false,"template":"","format":"standard","meta":{"footnotes":""},"categories":[597,456,457,576],"tags":[6030],"class_list":["post-26859","post","type-post","status-publish","format-standard","has-post-thumbnail","","category-cinta-de-noticias","category-arabe-internacional-politica","category-noticias-arabe-internacional-politica","category-noticias-politicas","tag-lider-de-la-revolucion-islamica-de-iran-reitera-la-solidaridad-de-su-pais-con-siria"],"_links":{"self":[{"href":"https:\/\/archive.sana.sy\/es\/index.php?rest_route=\/wp\/v2\/posts\/26859"}],"collection":[{"href":"https:\/\/archive.sana.sy\/es\/index.php?rest_route=\/wp\/v2\/posts"}],"about":[{"href":"https:\/\/archive.sana.sy\/es\/index.php?rest_route=\/wp\/v2\/types\/post"}],"author":[{"embeddable":true,"href":"https:\/\/archive.sana.sy\/es\/index.php?rest_route=\/wp\/v2\/users\/24"}],"replies":[{"embeddable":true,"href":"https:\/\/archive.sana.sy\/es\/index.php?rest_route=%2Fwp%2Fv2%2Fcomments&post=26859"}],"version-history":[{"count":0,"href":"https:\/\/archive.sana.sy\/es\/index.php?rest_route=\/wp\/v2\/posts\/26859\/revisions"}],"wp:featuredmedia":[{"embeddable":true,"href":"https:\/\/archive.sana.sy\/es\/index.php?rest_route=\/wp\/v2\/media\/26860"}],"wp:attachment":[{"href":"https:\/\/archive.sana.sy\/es\/index.php?rest_route=%2Fwp%2Fv2%2Fmedia&parent=26859"}],"wp:term":[{"taxonomy":"category","embeddable":true,"href":"https:\/\/archive.sana.sy\/es\/index.php?rest_route=%2Fwp%2Fv2%2Fcategories&post=26859"},{"taxonomy":"post_tag","embeddable":true,"href":"https:\/\/archive.sana.sy\/es\/index.php?rest_route=%2Fwp%2Fv2%2Ftags&post=26859"}],"curies":[{"name":"wp","href":"https:\/\/api.w.org\/{rel}","templated":true}]}}