{"id":268648,"date":"2023-01-05T13:35:53","date_gmt":"2023-01-05T11:35:53","guid":{"rendered":"http:\/\/107.6.182.27\/es\/?p=268648"},"modified":"2023-01-10T15:48:00","modified_gmt":"2023-01-10T13:48:00","slug":"dos-colonos-israelies-destrozan-30-tumbas-cristianas-en-un-cementerio-de-jerusalen","status":"publish","type":"post","link":"https:\/\/archive.sana.sy\/es\/?p=268648","title":{"rendered":"Dos colonos israel\u00edes destrozan 30 tumbas cristianas en un cementerio de Jerusal\u00e9n"},"content":{"rendered":"<blockquote>\n<p style=\"text-align: justify;\"><span style=\"color: #000000;\"><em><strong>El cementerio protestante en monte Sion se fund\u00f3 en 1848 y es administrado por una organizaci\u00f3n afiliada a la Iglesia anglicana. No es la primera vez que recibe ataques de este tipo, ya que en 2013 ocurri\u00f3 algo similar. En ese entonces las comunidades jud\u00eda, musulmana y cristiana restauraron los da\u00f1os.<\/strong><\/em><\/span><\/p>\n<\/blockquote>\n<p style=\"text-align: justify;\"><span style=\"color: #800000;\"><strong>Jerusal\u00e9n, 5 ene (SANA)\u00a0<\/strong> <\/span>Dos hombres destrozaron el pasado domingo 30 tumbas cristianas en el cementerio protestante en el monte Sion, ubicado en la ciudad vieja de Jerusal\u00e9n, seg\u00fan se aprecia en un v\u00eddeo difundido en Twitter.<\/p>\n<p style=\"text-align: justify;\">En la grabaci\u00f3n, redifundida por RT, se observa c\u00f3mo uno de los individuos, colono israel\u00ed por su vestimenta, derriba la cruz de una tumba, mientras que el otro coge un objeto y lo lanza contra la cruz con la intenci\u00f3n de romperla en a\u00f1icos. Acto seguido se ve c\u00f3mo se dirigen hacia otros sepulcros para vandalizarlos.<\/p>\n<p style=\"text-align: justify;\">El cementerio protestante en monte Sion se fund\u00f3 en 1848 y es administrado por una organizaci\u00f3n afiliada a la Iglesia anglicana. No es la primera vez que recibe ataques de este tipo, ya que en 2013 ocurri\u00f3 algo similar. En ese entonces las comunidades jud\u00eda, musulmana y cristiana restauraron los da\u00f1os.<\/p>\n<p style=\"text-align: justify;\">fm\/as<\/p>\n","protected":false},"excerpt":{"rendered":"<p>El cementerio protestante en monte Sion se fund\u00f3 en 1848 y es administrado por una organizaci\u00f3n afiliada a la Iglesia anglicana. No es la primera vez que recibe ataques de este tipo, ya que en 2013 ocurri\u00f3 algo similar. En ese entonces las comunidades jud\u00eda, musulmana y cristiana restauraron los da\u00f1os. Jerusal\u00e9n, 5 ene (SANA)\u00a0 &hellip;<\/p>\n","protected":false},"author":42,"featured_media":268649,"comment_status":"closed","ping_status":"closed","sticky":false,"template":"","format":"standard","meta":{"footnotes":""},"categories":[597,456,20724,7541],"tags":[],"class_list":["post-268648","post","type-post","status-publish","format-standard","has-post-thumbnail","","category-cinta-de-noticias","category-arabe-internacional-politica","category-minuto-a-minuto","category-ultimas-noticias"],"_links":{"self":[{"href":"https:\/\/archive.sana.sy\/es\/index.php?rest_route=\/wp\/v2\/posts\/268648"}],"collection":[{"href":"https:\/\/archive.sana.sy\/es\/index.php?rest_route=\/wp\/v2\/posts"}],"about":[{"href":"https:\/\/archive.sana.sy\/es\/index.php?rest_route=\/wp\/v2\/types\/post"}],"author":[{"embeddable":true,"href":"https:\/\/archive.sana.sy\/es\/index.php?rest_route=\/wp\/v2\/users\/42"}],"replies":[{"embeddable":true,"href":"https:\/\/archive.sana.sy\/es\/index.php?rest_route=%2Fwp%2Fv2%2Fcomments&post=268648"}],"version-history":[{"count":0,"href":"https:\/\/archive.sana.sy\/es\/index.php?rest_route=\/wp\/v2\/posts\/268648\/revisions"}],"wp:featuredmedia":[{"embeddable":true,"href":"https:\/\/archive.sana.sy\/es\/index.php?rest_route=\/wp\/v2\/media\/268649"}],"wp:attachment":[{"href":"https:\/\/archive.sana.sy\/es\/index.php?rest_route=%2Fwp%2Fv2%2Fmedia&parent=268648"}],"wp:term":[{"taxonomy":"category","embeddable":true,"href":"https:\/\/archive.sana.sy\/es\/index.php?rest_route=%2Fwp%2Fv2%2Fcategories&post=268648"},{"taxonomy":"post_tag","embeddable":true,"href":"https:\/\/archive.sana.sy\/es\/index.php?rest_route=%2Fwp%2Fv2%2Ftags&post=268648"}],"curies":[{"name":"wp","href":"https:\/\/api.w.org\/{rel}","templated":true}]}}