{"id":268651,"date":"2023-01-05T13:52:03","date_gmt":"2023-01-05T11:52:03","guid":{"rendered":"http:\/\/107.6.182.27\/es\/?p=268651"},"modified":"2023-01-10T15:48:00","modified_gmt":"2023-01-10T13:48:00","slug":"tras-cuatro-decadas-en-sus-carceles-israel-libera-al-preso-palestino-karim-younis","status":"publish","type":"post","link":"https:\/\/archive.sana.sy\/es\/?p=268651","title":{"rendered":"Tras cuatro d\u00e9cadas en sus c\u00e1rceles, Israel libera al preso palestino Karim Younis"},"content":{"rendered":"<blockquote>\n<p style=\"text-align: justify;\"><span style=\"color: #ff0000;\"><strong>En su primera declaraci\u00f3n luego de obtener su libertad, Yuonis dijo: \u201cMi coraz\u00f3n qued\u00f3 con mis compa\u00f1eros prisioneros que desaf\u00edan la muerte impuesta por el ocupante\u201d<\/strong><\/span><\/p>\n<\/blockquote>\n<p style=\"text-align: justify;\"><span style=\"color: #800000;\"><strong>Jerusal\u00e9n ocupada, 5 ene (SANA)<\/strong><\/span>\u00a0 Despu\u00e9s de pasar 40 a\u00f1os en prisi\u00f3n, las autoridades israel\u00edes pusieron en libertad hoy al decano de los presos palestinos y \u00e1rabes, Karim Younis, quien fue arrestado el 6 de enero de 1983.<\/p>\n<p style=\"text-align: justify;\">El portavoz de la Oficina de Informaci\u00f3n de Prisioneros, Hazem Hassanein, declar\u00f3 que el r\u00e9gimen israel\u00ed decidi\u00f3 liberar deliberadamente a Younis, de 66 a\u00f1os, y lo dejaron solo en la ciudad de Ranana en los territorios palestinos ocupados en 1948 sin informar a su familia en un intento de perturbar su alegr\u00eda y arruinar su recibimiento.<\/p>\n<p style=\"text-align: justify;\">En un contexto relacionado, las fuerzas de ocupaci\u00f3n asaltaron la v\u00edspera la casa de la familia Yuonis en la ciudad de Ara en los territorios palestinos ocupados en 1948, se apoderaron de las banderas palestinas e informaron a la familia que impidiera izar la bandera de Palestina y carteles con im\u00e1genes de la C\u00fapula de la Roca o cualquier s\u00edmbolo nacional.<\/p>\n<p style=\"text-align: justify;\">En su primera declaraci\u00f3n luego de obtener su libertad, Yuonis dijo: \u201cMi coraz\u00f3n qued\u00f3 con mis compa\u00f1eros prisioneros que desaf\u00edan la muerte impuesta por el ocupante\u201d.<\/p>\n<p style=\"text-align: justify;\">\u201c40 a\u00f1os o 50 a\u00f1os de cautiverio no importa, estamos todos dispuestos a dar nuestras vidas por la libertad de nuestro pueblo\u201d agreg\u00f3.<\/p>\n<p style=\"text-align: justify;\">Por su parte, el primer ministro palestino, Muhammad Shtayyeh, se\u00f1al\u00f3 en un comunicado, que la alegr\u00eda de los palestinos por esta ocasi\u00f3n es grande, y exigi\u00f3 a las organizaciones internacionales de derechos humanos que intervengan para liberar a todos los presos, especialmente mujeres, ni\u00f1os y enfermos.<\/p>\n<p style=\"text-align: justify;\"><em><strong>ws\/fm<\/strong><\/em><\/p>\n","protected":false},"excerpt":{"rendered":"<p>En su primera declaraci\u00f3n luego de obtener su libertad, Yuonis dijo: \u201cMi coraz\u00f3n qued\u00f3 con mis compa\u00f1eros prisioneros que desaf\u00edan la muerte impuesta por el ocupante\u201d Jerusal\u00e9n ocupada, 5 ene (SANA)\u00a0 Despu\u00e9s de pasar 40 a\u00f1os en prisi\u00f3n, las autoridades israel\u00edes pusieron en libertad hoy al decano de los presos palestinos y \u00e1rabes, Karim Younis, &hellip;<\/p>\n","protected":false},"author":35,"featured_media":268654,"comment_status":"closed","ping_status":"closed","sticky":false,"template":"","format":"standard","meta":{"footnotes":""},"categories":[597,456,20724,7541],"tags":[],"class_list":["post-268651","post","type-post","status-publish","format-standard","has-post-thumbnail","","category-cinta-de-noticias","category-arabe-internacional-politica","category-minuto-a-minuto","category-ultimas-noticias"],"_links":{"self":[{"href":"https:\/\/archive.sana.sy\/es\/index.php?rest_route=\/wp\/v2\/posts\/268651"}],"collection":[{"href":"https:\/\/archive.sana.sy\/es\/index.php?rest_route=\/wp\/v2\/posts"}],"about":[{"href":"https:\/\/archive.sana.sy\/es\/index.php?rest_route=\/wp\/v2\/types\/post"}],"author":[{"embeddable":true,"href":"https:\/\/archive.sana.sy\/es\/index.php?rest_route=\/wp\/v2\/users\/35"}],"replies":[{"embeddable":true,"href":"https:\/\/archive.sana.sy\/es\/index.php?rest_route=%2Fwp%2Fv2%2Fcomments&post=268651"}],"version-history":[{"count":0,"href":"https:\/\/archive.sana.sy\/es\/index.php?rest_route=\/wp\/v2\/posts\/268651\/revisions"}],"wp:featuredmedia":[{"embeddable":true,"href":"https:\/\/archive.sana.sy\/es\/index.php?rest_route=\/wp\/v2\/media\/268654"}],"wp:attachment":[{"href":"https:\/\/archive.sana.sy\/es\/index.php?rest_route=%2Fwp%2Fv2%2Fmedia&parent=268651"}],"wp:term":[{"taxonomy":"category","embeddable":true,"href":"https:\/\/archive.sana.sy\/es\/index.php?rest_route=%2Fwp%2Fv2%2Fcategories&post=268651"},{"taxonomy":"post_tag","embeddable":true,"href":"https:\/\/archive.sana.sy\/es\/index.php?rest_route=%2Fwp%2Fv2%2Ftags&post=268651"}],"curies":[{"name":"wp","href":"https:\/\/api.w.org\/{rel}","templated":true}]}}