{"id":26867,"date":"2015-07-18T20:16:43","date_gmt":"2015-07-18T17:16:43","guid":{"rendered":"http:\/\/sana.sy\/es\/?p=26867"},"modified":"2015-07-18T20:16:43","modified_gmt":"2015-07-18T17:16:43","slug":"casi-100-muertos-en-ataque-contra-un-mercado-iraqui-perpetrado-por-el-ei","status":"publish","type":"post","link":"https:\/\/archive.sana.sy\/es\/?p=26867","title":{"rendered":"Casi 100 muertos en ataque contra un mercado iraqu\u00ed perpetrado por el EI"},"content":{"rendered":"<p><span style=\"color: #800000\">Bagdad-SANA<\/span><\/p>\n<p style=\"text-align: justify\">Al menos 97 personas fallecieron y 130 resultaron heridas en el ataque a un mercado popular de la zona de Jan Beni Said, al noreste de la capital Bagdad, reivindicado por el grupo terrorista Estado Isl\u00e1mico (EI), seg\u00fan los \u00faltimos datos facilitados hoy a SANA por una fuente de seguridad local.<\/p>\n<p style=\"text-align: justify\">Un terrorista suicida iraqu\u00ed a bordo de cami\u00f3n bomba cargado con tres toneladas de explosivos se deton\u00f3 junto al mercado, cuando este se encontraba colmado de gente. Adem\u00e1s de las v\u00edctimas, 50 comercios quedaron destruidos y 70 veh\u00edculos calcinados por la potente explosi\u00f3n, que dej\u00f3 un gran cr\u00e1ter en el suelo.<\/p>\n<p style=\"text-align: justify\">Seg\u00fan la fuente de seguridad en Bagdad asegur\u00f3 que la mayor\u00eda de los fallecidos eran civiles, que estaban realizando sus compras, coincidiendo con la festividad con la que culmina el mes sagrado de Ramad\u00e1n.<\/p>\n<p style=\"text-align: justify\">Las autoridades locales han formado una comisi\u00f3n para investigar el ataque y averiguar c\u00f3mo pudo llegar el veh\u00edculo bomba hasta ese lugar, a pesar de las medidas de seguridad adoptadas por el fin del Ramad\u00e1n y la festividad religiosa del Aid al Fitr.<\/p>\n<p style=\"text-align: justify\">Por su parte, Muzanna al Tamimi, gobernador de la provincia de Diyala, donde tuvo lugar el atentado, decret\u00f3 anoche tres d\u00edas de luto y suspendi\u00f3 todas las celebraciones del Aid al Fitr.<\/p>\n<p style=\"text-align: justify\">Durante estos d\u00edas festivos, las familias sueles acudir a plazas, parques y mercados, para comprar dulces y regalos, y por ello la seguridad se ha reforzado en los lugares p\u00fablicos.<\/p>\n<p style=\"text-align: justify\">El atentado es uno de los m\u00e1s mort\u00edferos desde que el grupo yihadista conquist\u00f3 amplias zonas del pa\u00eds en junio de 2014 y proclam\u00f3 el califato en las zonas bajo su dominio, tanto en territorio iraqu\u00ed como en Siria.<\/p>\n<p>M.Miri<\/p>\n","protected":false},"excerpt":{"rendered":"<p>Bagdad-SANA Al menos 97 personas fallecieron y 130 resultaron heridas en el ataque a un mercado popular de la zona de Jan Beni Said, al noreste de la capital Bagdad, reivindicado por el grupo terrorista Estado Isl\u00e1mico (EI), seg\u00fan los \u00faltimos datos facilitados hoy a SANA por una fuente de seguridad local. Un terrorista suicida &hellip;<\/p>\n","protected":false},"author":1,"featured_media":26868,"comment_status":"closed","ping_status":"closed","sticky":false,"template":"","format":"standard","meta":{"footnotes":""},"categories":[456,457],"tags":[6032],"class_list":["post-26867","post","type-post","status-publish","format-standard","has-post-thumbnail","","category-arabe-internacional-politica","category-noticias-arabe-internacional-politica","tag-casi-100-muertos-en-ataque-contra-un-mercado-iraqui-perpetrado-por-el-ei"],"_links":{"self":[{"href":"https:\/\/archive.sana.sy\/es\/index.php?rest_route=\/wp\/v2\/posts\/26867"}],"collection":[{"href":"https:\/\/archive.sana.sy\/es\/index.php?rest_route=\/wp\/v2\/posts"}],"about":[{"href":"https:\/\/archive.sana.sy\/es\/index.php?rest_route=\/wp\/v2\/types\/post"}],"author":[{"embeddable":true,"href":"https:\/\/archive.sana.sy\/es\/index.php?rest_route=\/wp\/v2\/users\/1"}],"replies":[{"embeddable":true,"href":"https:\/\/archive.sana.sy\/es\/index.php?rest_route=%2Fwp%2Fv2%2Fcomments&post=26867"}],"version-history":[{"count":0,"href":"https:\/\/archive.sana.sy\/es\/index.php?rest_route=\/wp\/v2\/posts\/26867\/revisions"}],"wp:featuredmedia":[{"embeddable":true,"href":"https:\/\/archive.sana.sy\/es\/index.php?rest_route=\/wp\/v2\/media\/26868"}],"wp:attachment":[{"href":"https:\/\/archive.sana.sy\/es\/index.php?rest_route=%2Fwp%2Fv2%2Fmedia&parent=26867"}],"wp:term":[{"taxonomy":"category","embeddable":true,"href":"https:\/\/archive.sana.sy\/es\/index.php?rest_route=%2Fwp%2Fv2%2Fcategories&post=26867"},{"taxonomy":"post_tag","embeddable":true,"href":"https:\/\/archive.sana.sy\/es\/index.php?rest_route=%2Fwp%2Fv2%2Ftags&post=26867"}],"curies":[{"name":"wp","href":"https:\/\/api.w.org\/{rel}","templated":true}]}}