{"id":268693,"date":"2023-01-05T20:02:04","date_gmt":"2023-01-05T18:02:04","guid":{"rendered":"http:\/\/107.6.182.27\/es\/?p=268693"},"modified":"2023-01-10T15:48:00","modified_gmt":"2023-01-10T13:48:00","slug":"putin-ordena-aplicar-alto-el-fuego-en-ucrania","status":"publish","type":"post","link":"https:\/\/archive.sana.sy\/es\/?p=268693","title":{"rendered":"Putin ordena aplicar alto el fuego en Ucrania"},"content":{"rendered":"<blockquote>\n<p style=\"text-align: justify;\"><span style=\"color: #ff6600;\"><strong>Igualmente el texto refiere que teniendo en cuenta que la inmensa mayor\u00eda de los combatientes de uno y otro bando profesan la ortodoxia, es que se hace un llamado a las autoridades militares ucranianas para que tambi\u00e9n declaren un cese temporal de hostilidades.<\/strong><\/span><\/p>\n<\/blockquote>\n<p style=\"text-align: justify;\"><span style=\"color: #800000;\"><strong>Mosc\u00fa, 5 ene (SANA)<\/strong><\/span> El presidente de la Federaci\u00f3n de Rusia, Vladimir Putin, orden\u00f3 aplicar un alto el fuego en toda la l\u00ednea del frente en Ucrania desde las 12:00 (Hora de Mosc\u00fa) del 6 de enero para la Navidad ortodoxa.<\/p>\n<p style=\"text-align: justify;\">Putin instruy\u00f3 que el cese de las hostilidades se extienda en toda la l\u00ednea de contacto hasta las 24:00 horas del pr\u00f3ximo 7 de enero, precis\u00f3 la comunicaci\u00f3n del Kremlin.<\/p>\n<p style=\"text-align: justify;\">El presidente pidi\u00f3 a la parte ucraniana que tambi\u00e9n declare un alto el fuego y permita que los ciudadanos ortodoxos asistan a los servicios navide\u00f1os.<\/p>\n<p style=\"text-align: justify;\">El comunicado del jefe de estado destaca que a solicitud de Su Santidad el Patriarca Kiril, orden\u00f3 al Ministro de Defensa de la Federaci\u00f3n Rusa que introduzca un r\u00e9gimen de alto el fuego durante 36 horas.<\/p>\n<p style=\"text-align: justify;\">Igualmente el texto refiere que teniendo en cuenta que la inmensa mayor\u00eda de los combatientes de uno y otro bando profesan la ortodoxia, es que se hace un llamado a las autoridades militares ucranianas para que tambi\u00e9n declaren un cese temporal de hostilidades.<\/p>\n<p style=\"text-align: justify;\"><em><strong>fm\/ah<\/strong><\/em><\/p>\n","protected":false},"excerpt":{"rendered":"<p>Igualmente el texto refiere que teniendo en cuenta que la inmensa mayor\u00eda de los combatientes de uno y otro bando profesan la ortodoxia, es que se hace un llamado a las autoridades militares ucranianas para que tambi\u00e9n declaren un cese temporal de hostilidades. Mosc\u00fa, 5 ene (SANA) El presidente de la Federaci\u00f3n de Rusia, Vladimir &hellip;<\/p>\n","protected":false},"author":30,"featured_media":268694,"comment_status":"closed","ping_status":"closed","sticky":false,"template":"","format":"standard","meta":{"footnotes":""},"categories":[456,20724],"tags":[],"class_list":["post-268693","post","type-post","status-publish","format-standard","has-post-thumbnail","","category-arabe-internacional-politica","category-minuto-a-minuto"],"_links":{"self":[{"href":"https:\/\/archive.sana.sy\/es\/index.php?rest_route=\/wp\/v2\/posts\/268693"}],"collection":[{"href":"https:\/\/archive.sana.sy\/es\/index.php?rest_route=\/wp\/v2\/posts"}],"about":[{"href":"https:\/\/archive.sana.sy\/es\/index.php?rest_route=\/wp\/v2\/types\/post"}],"author":[{"embeddable":true,"href":"https:\/\/archive.sana.sy\/es\/index.php?rest_route=\/wp\/v2\/users\/30"}],"replies":[{"embeddable":true,"href":"https:\/\/archive.sana.sy\/es\/index.php?rest_route=%2Fwp%2Fv2%2Fcomments&post=268693"}],"version-history":[{"count":0,"href":"https:\/\/archive.sana.sy\/es\/index.php?rest_route=\/wp\/v2\/posts\/268693\/revisions"}],"wp:featuredmedia":[{"embeddable":true,"href":"https:\/\/archive.sana.sy\/es\/index.php?rest_route=\/wp\/v2\/media\/268694"}],"wp:attachment":[{"href":"https:\/\/archive.sana.sy\/es\/index.php?rest_route=%2Fwp%2Fv2%2Fmedia&parent=268693"}],"wp:term":[{"taxonomy":"category","embeddable":true,"href":"https:\/\/archive.sana.sy\/es\/index.php?rest_route=%2Fwp%2Fv2%2Fcategories&post=268693"},{"taxonomy":"post_tag","embeddable":true,"href":"https:\/\/archive.sana.sy\/es\/index.php?rest_route=%2Fwp%2Fv2%2Ftags&post=268693"}],"curies":[{"name":"wp","href":"https:\/\/api.w.org\/{rel}","templated":true}]}}