{"id":268701,"date":"2023-01-05T20:35:06","date_gmt":"2023-01-05T18:35:06","guid":{"rendered":"http:\/\/107.6.182.27\/es\/?p=268701"},"modified":"2023-01-10T15:47:59","modified_gmt":"2023-01-10T13:47:59","slug":"rusia-y-bielorrusia-realizan-ejercicios-aereos-conjuntos","status":"publish","type":"post","link":"https:\/\/archive.sana.sy\/es\/?p=268701","title":{"rendered":"Rusia y Bielorrusia realizan ejercicios a\u00e9reos conjuntos"},"content":{"rendered":"<blockquote>\n<p style=\"text-align: justify;\"><strong><span style=\"color: #ff6600;\">\u201cEl objetivo del simulacro, en el que participa una unidad de las Fuerzas Aeroespaciales rusas, apunta a mejorar el nivel de la preparaci\u00f3n de combate de las unidades que forman parte de la agrupaci\u00f3n conjunta regional\u201d, detall\u00f3 la instituci\u00f3n militar en un comunicado citado por RT.<\/span><\/strong><\/p>\n<\/blockquote>\n<p style=\"text-align: justify;\"><span style=\"color: #800000;\">Minsk, 05 ene (SANA)<\/span> El Ministerio de Defensa de Bielorrusia comunic\u00f3 hoy que las Fuerzas A\u00e9reas del pa\u00eds realizar\u00e1n ejercicios t\u00e1cticos conjuntos con las Fuerzas A\u00e9reas de Rusia.<\/p>\n<p style=\"text-align: justify;\">\u201cEl objetivo del simulacro, en el que participa una unidad de las Fuerzas Aeroespaciales rusas, apunta a mejorar el nivel de la preparaci\u00f3n de combate de las unidades que forman parte de la agrupaci\u00f3n conjunta regional\u201d, detall\u00f3 la instituci\u00f3n militar en un comunicado citado por RT.<\/p>\n<p style=\"text-align: justify;\">Desde el organismo precisaron que ambas naciones siguen aumentando su agrupaci\u00f3n regional conjunta creada con el fin de garantizar la seguridad del Estado de la Uni\u00f3n.<\/p>\n<p style=\"text-align: justify;\"><em><strong>ah\/fm<\/strong><\/em><\/p>\n","protected":false},"excerpt":{"rendered":"<p>\u201cEl objetivo del simulacro, en el que participa una unidad de las Fuerzas Aeroespaciales rusas, apunta a mejorar el nivel de la preparaci\u00f3n de combate de las unidades que forman parte de la agrupaci\u00f3n conjunta regional\u201d, detall\u00f3 la instituci\u00f3n militar en un comunicado citado por RT. Minsk, 05 ene (SANA) El Ministerio de Defensa de &hellip;<\/p>\n","protected":false},"author":30,"featured_media":268702,"comment_status":"closed","ping_status":"closed","sticky":false,"template":"","format":"standard","meta":{"footnotes":""},"categories":[456,20724],"tags":[],"class_list":["post-268701","post","type-post","status-publish","format-standard","has-post-thumbnail","","category-arabe-internacional-politica","category-minuto-a-minuto"],"_links":{"self":[{"href":"https:\/\/archive.sana.sy\/es\/index.php?rest_route=\/wp\/v2\/posts\/268701"}],"collection":[{"href":"https:\/\/archive.sana.sy\/es\/index.php?rest_route=\/wp\/v2\/posts"}],"about":[{"href":"https:\/\/archive.sana.sy\/es\/index.php?rest_route=\/wp\/v2\/types\/post"}],"author":[{"embeddable":true,"href":"https:\/\/archive.sana.sy\/es\/index.php?rest_route=\/wp\/v2\/users\/30"}],"replies":[{"embeddable":true,"href":"https:\/\/archive.sana.sy\/es\/index.php?rest_route=%2Fwp%2Fv2%2Fcomments&post=268701"}],"version-history":[{"count":0,"href":"https:\/\/archive.sana.sy\/es\/index.php?rest_route=\/wp\/v2\/posts\/268701\/revisions"}],"wp:featuredmedia":[{"embeddable":true,"href":"https:\/\/archive.sana.sy\/es\/index.php?rest_route=\/wp\/v2\/media\/268702"}],"wp:attachment":[{"href":"https:\/\/archive.sana.sy\/es\/index.php?rest_route=%2Fwp%2Fv2%2Fmedia&parent=268701"}],"wp:term":[{"taxonomy":"category","embeddable":true,"href":"https:\/\/archive.sana.sy\/es\/index.php?rest_route=%2Fwp%2Fv2%2Fcategories&post=268701"},{"taxonomy":"post_tag","embeddable":true,"href":"https:\/\/archive.sana.sy\/es\/index.php?rest_route=%2Fwp%2Fv2%2Ftags&post=268701"}],"curies":[{"name":"wp","href":"https:\/\/api.w.org\/{rel}","templated":true}]}}