{"id":268704,"date":"2023-01-05T20:44:00","date_gmt":"2023-01-05T18:44:00","guid":{"rendered":"http:\/\/107.6.182.27\/es\/?p=268704"},"modified":"2023-01-10T15:47:59","modified_gmt":"2023-01-10T13:47:59","slug":"dron-norcoreano-se-habria-acercado-a-la-oficina-presidencial-en-seul","status":"publish","type":"post","link":"https:\/\/archive.sana.sy\/es\/?p=268704","title":{"rendered":"Dron norcoreano se habr\u00eda acercado a la oficina presidencial en Se\u00fal"},"content":{"rendered":"<p style=\"text-align: justify;\"><span style=\"color: #800000;\"><strong>Se\u00fal, 05 ene (SANA)<\/strong><\/span> Un dron norcoreano col\u00f3 la semana pasada en una zona de exclusi\u00f3n a\u00e9rea en Se\u00fal alrededor de la oficina del presidente surcoreano, Yoon Suk-yeol, seg\u00fan difundi\u00f3 RT citando a un oficial militar familiarizado con el asunto.<\/p>\n<p style=\"text-align: justify;\">Seg\u00fan la fuente, el dron \u201cvol\u00f3 brevemente hacia el extremo norte de la zona, pero no se acerc\u00f3 a instalaciones de seguridad clave\u201d.<\/p>\n<p style=\"text-align: justify;\">En el mismo contexto, otro oficial norcoreano se\u00f1al\u00f3 en una rueda de prensa que un objeto, supuestamente un dron de Corea del Norte, pero aclar\u00f3 que no hubo ning\u00fan problema en relaci\u00f3n con la seguridad de la oficina presidencial.<\/p>\n<p style=\"text-align: justify;\"><em><strong>ah\/fm<\/strong><\/em><\/p>\n","protected":false},"excerpt":{"rendered":"<p>Se\u00fal, 05 ene (SANA) Un dron norcoreano col\u00f3 la semana pasada en una zona de exclusi\u00f3n a\u00e9rea en Se\u00fal alrededor de la oficina del presidente surcoreano, Yoon Suk-yeol, seg\u00fan difundi\u00f3 RT citando a un oficial militar familiarizado con el asunto. Seg\u00fan la fuente, el dron \u201cvol\u00f3 brevemente hacia el extremo norte de la zona, pero &hellip;<\/p>\n","protected":false},"author":30,"featured_media":268705,"comment_status":"closed","ping_status":"closed","sticky":false,"template":"","format":"standard","meta":{"footnotes":""},"categories":[456,20724],"tags":[],"class_list":["post-268704","post","type-post","status-publish","format-standard","has-post-thumbnail","","category-arabe-internacional-politica","category-minuto-a-minuto"],"_links":{"self":[{"href":"https:\/\/archive.sana.sy\/es\/index.php?rest_route=\/wp\/v2\/posts\/268704"}],"collection":[{"href":"https:\/\/archive.sana.sy\/es\/index.php?rest_route=\/wp\/v2\/posts"}],"about":[{"href":"https:\/\/archive.sana.sy\/es\/index.php?rest_route=\/wp\/v2\/types\/post"}],"author":[{"embeddable":true,"href":"https:\/\/archive.sana.sy\/es\/index.php?rest_route=\/wp\/v2\/users\/30"}],"replies":[{"embeddable":true,"href":"https:\/\/archive.sana.sy\/es\/index.php?rest_route=%2Fwp%2Fv2%2Fcomments&post=268704"}],"version-history":[{"count":0,"href":"https:\/\/archive.sana.sy\/es\/index.php?rest_route=\/wp\/v2\/posts\/268704\/revisions"}],"wp:featuredmedia":[{"embeddable":true,"href":"https:\/\/archive.sana.sy\/es\/index.php?rest_route=\/wp\/v2\/media\/268705"}],"wp:attachment":[{"href":"https:\/\/archive.sana.sy\/es\/index.php?rest_route=%2Fwp%2Fv2%2Fmedia&parent=268704"}],"wp:term":[{"taxonomy":"category","embeddable":true,"href":"https:\/\/archive.sana.sy\/es\/index.php?rest_route=%2Fwp%2Fv2%2Fcategories&post=268704"},{"taxonomy":"post_tag","embeddable":true,"href":"https:\/\/archive.sana.sy\/es\/index.php?rest_route=%2Fwp%2Fv2%2Ftags&post=268704"}],"curies":[{"name":"wp","href":"https:\/\/api.w.org\/{rel}","templated":true}]}}