{"id":268707,"date":"2023-01-06T07:32:28","date_gmt":"2023-01-06T05:32:28","guid":{"rendered":"http:\/\/107.6.182.27\/es\/?p=268707"},"modified":"2023-01-06T07:32:28","modified_gmt":"2023-01-06T05:32:28","slug":"eau-afirma-ante-la-onu-el-expediente-quimico-sirio-es-uno-de-los-mas-politizados-en-el-consejo-de-seguridad","status":"publish","type":"post","link":"https:\/\/archive.sana.sy\/es\/?p=268707","title":{"rendered":"EAU afirma ante la ONU: el expediente qu\u00edmico sirio es uno de los m\u00e1s politizados en el Consejo de Seguridad"},"content":{"rendered":"<p style=\"text-align: justify;\"><span style=\"color: #800000;\"><strong>Nueva York, 6 ene (SANA)<\/strong><\/span> La representante de los Emiratos \u00c1rabes Unidos ante las Naciones Unidas, Lana Zaki Nusseibeh, afirm\u00f3 que el expediente qu\u00edmico en Siria sigue siendo uno de los expedientes m\u00e1s politizados en el Consejo de Seguridad.<\/p>\n<p style=\"text-align: justify;\">Durante una sesi\u00f3n del Consejo de Seguridad dedicada a debatir este expediente, la diplom\u00e1tica llam\u00f3 a todas las partes a trabajar con un esp\u00edritu basado en los principios t\u00e9cnicos sobre los cuales se cre\u00f3 la Organizaci\u00f3n para la Prohibici\u00f3n de las Armas Qu\u00edmicas, incluyendo la compatibilidad y la no politizaci\u00f3n.<\/p>\n<p style=\"text-align: justify;\">\u201cDesafortunadamente, el expediente qu\u00edmico sirio sigue siendo uno de los m\u00e1s politizados en este consejo, y esto lo notamos durante la primera mitad de nuestra membres\u00eda en el Consejo de Seguridad\u201d, indic\u00f3.<\/p>\n<p style=\"text-align: justify;\">Nusseibeh reiter\u00f3 la firme posici\u00f3n de su pa\u00eds de rechazo y condena al uso de armas qu\u00edmicas bajo cualquier circunstancia, por cualquier persona y en cualquier lugar, y consider\u00f3 que su uso constituye una flagrante violaci\u00f3n de las disposiciones de la Convenci\u00f3n sobre la Prohibici\u00f3n de las Armas Qu\u00edmicas y el derecho internacional.<\/p>\n<p style=\"text-align: justify;\"><em><strong>fm\/ah<\/strong><\/em><\/p>\n","protected":false},"excerpt":{"rendered":"<p>Nueva York, 6 ene (SANA) La representante de los Emiratos \u00c1rabes Unidos ante las Naciones Unidas, Lana Zaki Nusseibeh, afirm\u00f3 que el expediente qu\u00edmico en Siria sigue siendo uno de los expedientes m\u00e1s politizados en el Consejo de Seguridad. Durante una sesi\u00f3n del Consejo de Seguridad dedicada a debatir este expediente, la diplom\u00e1tica llam\u00f3 a &hellip;<\/p>\n","protected":false},"author":30,"featured_media":268708,"comment_status":"closed","ping_status":"closed","sticky":false,"template":"","format":"standard","meta":{"footnotes":""},"categories":[477,597,20724,467,583],"tags":[],"class_list":["post-268707","post","type-post","status-publish","format-standard","has-post-thumbnail","","category-noticias-edulcorantes","category-cinta-de-noticias","category-minuto-a-minuto","category-siria-y-el-mundo","category-slide"],"_links":{"self":[{"href":"https:\/\/archive.sana.sy\/es\/index.php?rest_route=\/wp\/v2\/posts\/268707"}],"collection":[{"href":"https:\/\/archive.sana.sy\/es\/index.php?rest_route=\/wp\/v2\/posts"}],"about":[{"href":"https:\/\/archive.sana.sy\/es\/index.php?rest_route=\/wp\/v2\/types\/post"}],"author":[{"embeddable":true,"href":"https:\/\/archive.sana.sy\/es\/index.php?rest_route=\/wp\/v2\/users\/30"}],"replies":[{"embeddable":true,"href":"https:\/\/archive.sana.sy\/es\/index.php?rest_route=%2Fwp%2Fv2%2Fcomments&post=268707"}],"version-history":[{"count":0,"href":"https:\/\/archive.sana.sy\/es\/index.php?rest_route=\/wp\/v2\/posts\/268707\/revisions"}],"wp:featuredmedia":[{"embeddable":true,"href":"https:\/\/archive.sana.sy\/es\/index.php?rest_route=\/wp\/v2\/media\/268708"}],"wp:attachment":[{"href":"https:\/\/archive.sana.sy\/es\/index.php?rest_route=%2Fwp%2Fv2%2Fmedia&parent=268707"}],"wp:term":[{"taxonomy":"category","embeddable":true,"href":"https:\/\/archive.sana.sy\/es\/index.php?rest_route=%2Fwp%2Fv2%2Fcategories&post=268707"},{"taxonomy":"post_tag","embeddable":true,"href":"https:\/\/archive.sana.sy\/es\/index.php?rest_route=%2Fwp%2Fv2%2Ftags&post=268707"}],"curies":[{"name":"wp","href":"https:\/\/api.w.org\/{rel}","templated":true}]}}