{"id":26871,"date":"2015-07-18T21:01:16","date_gmt":"2015-07-18T18:01:16","guid":{"rendered":"http:\/\/sana.sy\/es\/?p=26871"},"modified":"2023-01-09T14:09:57","modified_gmt":"2023-01-09T12:09:57","slug":"ataque-terrorista-dirigido-contra-la-residencia-del-dr-saber-falhout","status":"publish","type":"post","link":"https:\/\/archive.sana.sy\/es\/?p=26871","title":{"rendered":"Ataque terrorista dirigido contra la residencia del Dr. Saber Falhout"},"content":{"rendered":"<p><span style=\"color: #800000\">Sweida-SANA<\/span><\/p>\n<p style=\"text-align: justify\">Grupo terrorista armado dirigi\u00f3 el viernes un ataque contra la casa del Dr. Saber Falhout, Asesor en la direcci\u00f3n regional del partido al-Baaz y Presidente de Honor de la Asociaci\u00f3n de Periodistas.<\/p>\n<p style=\"text-align: justify\">De acuerdo con una fuente de la gobernaci\u00f3n de Sweida, la residencia del Dr Falhiut ha sido el blanco del terrorismo, donde el ataque s\u00f3lo caus\u00f3 da\u00f1os materiales tras un atentado con un artefacto explosivo.<\/p>\n<p style=\"text-align: justify\">Cabe se\u00f1alar que el Dr. Falhout era un Ex-Miembro del Parlamento y Ex-Presidente de la Asociaci\u00f3n de Periodistas.<\/p>\n<p>M.Miri<\/p>\n","protected":false},"excerpt":{"rendered":"<p>Sweida-SANA Grupo terrorista armado dirigi\u00f3 el viernes un ataque contra la casa del Dr. Saber Falhout, Asesor en la direcci\u00f3n regional del partido al-Baaz y Presidente de Honor de la Asociaci\u00f3n de Periodistas. De acuerdo con una fuente de la gobernaci\u00f3n de Sweida, la residencia del Dr Falhiut ha sido el blanco del terrorismo, donde &hellip;<\/p>\n","protected":false},"author":1,"featured_media":26878,"comment_status":"closed","ping_status":"closed","sticky":false,"template":"","format":"standard","meta":{"footnotes":""},"categories":[477,476],"tags":[6033],"class_list":["post-26871","post","type-post","status-publish","format-standard","has-post-thumbnail","","category-noticias-edulcorantes","category-locales","tag-ataque-terrorista-dirigido-contra-la-residencia-del-dr-saber-falhout"],"_links":{"self":[{"href":"https:\/\/archive.sana.sy\/es\/index.php?rest_route=\/wp\/v2\/posts\/26871"}],"collection":[{"href":"https:\/\/archive.sana.sy\/es\/index.php?rest_route=\/wp\/v2\/posts"}],"about":[{"href":"https:\/\/archive.sana.sy\/es\/index.php?rest_route=\/wp\/v2\/types\/post"}],"author":[{"embeddable":true,"href":"https:\/\/archive.sana.sy\/es\/index.php?rest_route=\/wp\/v2\/users\/1"}],"replies":[{"embeddable":true,"href":"https:\/\/archive.sana.sy\/es\/index.php?rest_route=%2Fwp%2Fv2%2Fcomments&post=26871"}],"version-history":[{"count":0,"href":"https:\/\/archive.sana.sy\/es\/index.php?rest_route=\/wp\/v2\/posts\/26871\/revisions"}],"wp:featuredmedia":[{"embeddable":true,"href":"https:\/\/archive.sana.sy\/es\/index.php?rest_route=\/wp\/v2\/media\/26878"}],"wp:attachment":[{"href":"https:\/\/archive.sana.sy\/es\/index.php?rest_route=%2Fwp%2Fv2%2Fmedia&parent=26871"}],"wp:term":[{"taxonomy":"category","embeddable":true,"href":"https:\/\/archive.sana.sy\/es\/index.php?rest_route=%2Fwp%2Fv2%2Fcategories&post=26871"},{"taxonomy":"post_tag","embeddable":true,"href":"https:\/\/archive.sana.sy\/es\/index.php?rest_route=%2Fwp%2Fv2%2Ftags&post=26871"}],"curies":[{"name":"wp","href":"https:\/\/api.w.org\/{rel}","templated":true}]}}