{"id":268713,"date":"2023-01-06T07:39:01","date_gmt":"2023-01-06T05:39:01","guid":{"rendered":"http:\/\/107.6.182.27\/es\/?p=268713"},"modified":"2023-01-10T15:47:59","modified_gmt":"2023-01-10T13:47:59","slug":"las-armas-son-el-camino-hacia-la-paz-afirma-secretario-general-de-la-otan","status":"publish","type":"post","link":"https:\/\/archive.sana.sy\/es\/?p=268713","title":{"rendered":"&#8220;Las armas son el camino hacia la paz&#8221;, afirma secretario general de la OTAN"},"content":{"rendered":"<p style=\"text-align: justify;\"><span style=\"color: #800000;\"><strong>Bruselas, 6 ene (SANA)<\/strong> <\/span>El secretario general de la OTAN, Jens Stoltenberg, expres\u00f3 que el suministro de armas a Ucrania acerca el final del conflicto armado.<\/p>\n<p style=\"text-align: justify;\">&#8220;Si queremos una soluci\u00f3n de paz negociada, la forma m\u00e1s r\u00e1pida de conseguirlo es apoyar a Ucrania&#8221;, destac\u00f3 el jefe de la Alianza Atl\u00e1ntica en la Conferencia Anual de la Confederaci\u00f3n de Empresas Noruegas .<\/p>\n<p style=\"text-align: justify;\">El alto funcionario concluy\u00f3 que &#8220;las armas son, de hecho, el camino hacia la paz&#8221;.<\/p>\n<p style=\"text-align: justify;\">Por su parte, el expresidente de Rusia y actual vicepresidente del Consejo de Seguridad del pa\u00eds, Dmitri Medv\u00e9dev, coment\u00f3 las declaraciones de Stoltenberg con una cita de la novela dist\u00f3pica de George Orwell &#8216;1984&#8217;.<\/p>\n<p style=\"text-align: justify;\">&#8220;De hecho, &#8216;el pasado hab\u00eda sido borrado, se hab\u00eda olvidado que hab\u00eda sido borrado y de ese modo la mentira se convert\u00eda en verdad'&#8221;, escribi\u00f3 Medv\u00e9dev en su cuenta de Twitter.<\/p>\n<p style=\"text-align: justify;\"><em><strong>fm\/ah<\/strong><\/em><\/p>\n","protected":false},"excerpt":{"rendered":"<p>Bruselas, 6 ene (SANA) El secretario general de la OTAN, Jens Stoltenberg, expres\u00f3 que el suministro de armas a Ucrania acerca el final del conflicto armado. &#8220;Si queremos una soluci\u00f3n de paz negociada, la forma m\u00e1s r\u00e1pida de conseguirlo es apoyar a Ucrania&#8221;, destac\u00f3 el jefe de la Alianza Atl\u00e1ntica en la Conferencia Anual de &hellip;<\/p>\n","protected":false},"author":30,"featured_media":268714,"comment_status":"closed","ping_status":"closed","sticky":false,"template":"","format":"standard","meta":{"footnotes":""},"categories":[597,456,20724],"tags":[],"class_list":["post-268713","post","type-post","status-publish","format-standard","has-post-thumbnail","","category-cinta-de-noticias","category-arabe-internacional-politica","category-minuto-a-minuto"],"_links":{"self":[{"href":"https:\/\/archive.sana.sy\/es\/index.php?rest_route=\/wp\/v2\/posts\/268713"}],"collection":[{"href":"https:\/\/archive.sana.sy\/es\/index.php?rest_route=\/wp\/v2\/posts"}],"about":[{"href":"https:\/\/archive.sana.sy\/es\/index.php?rest_route=\/wp\/v2\/types\/post"}],"author":[{"embeddable":true,"href":"https:\/\/archive.sana.sy\/es\/index.php?rest_route=\/wp\/v2\/users\/30"}],"replies":[{"embeddable":true,"href":"https:\/\/archive.sana.sy\/es\/index.php?rest_route=%2Fwp%2Fv2%2Fcomments&post=268713"}],"version-history":[{"count":0,"href":"https:\/\/archive.sana.sy\/es\/index.php?rest_route=\/wp\/v2\/posts\/268713\/revisions"}],"wp:featuredmedia":[{"embeddable":true,"href":"https:\/\/archive.sana.sy\/es\/index.php?rest_route=\/wp\/v2\/media\/268714"}],"wp:attachment":[{"href":"https:\/\/archive.sana.sy\/es\/index.php?rest_route=%2Fwp%2Fv2%2Fmedia&parent=268713"}],"wp:term":[{"taxonomy":"category","embeddable":true,"href":"https:\/\/archive.sana.sy\/es\/index.php?rest_route=%2Fwp%2Fv2%2Fcategories&post=268713"},{"taxonomy":"post_tag","embeddable":true,"href":"https:\/\/archive.sana.sy\/es\/index.php?rest_route=%2Fwp%2Fv2%2Ftags&post=268713"}],"curies":[{"name":"wp","href":"https:\/\/api.w.org\/{rel}","templated":true}]}}