{"id":268721,"date":"2023-01-06T09:51:10","date_gmt":"2023-01-06T07:51:10","guid":{"rendered":"http:\/\/107.6.182.27\/es\/?p=268721"},"modified":"2023-01-10T15:47:59","modified_gmt":"2023-01-10T13:47:59","slug":"ucrania-rechaza-tregua-navidena-propuesta-por-rusia","status":"publish","type":"post","link":"https:\/\/archive.sana.sy\/es\/?p=268721","title":{"rendered":"Ucrania rechaza tregua navide\u00f1a propuesta por Rusia"},"content":{"rendered":"<blockquote>\n<p style=\"text-align: justify;\"><span style=\"color: #ff6600;\"><strong>Putin orden\u00f3 este jueves al ministro de Defensa del pa\u00eds, Sergu\u00e9i Shoig\u00fa, declarar un alto el fuego desde el mediod\u00eda del 6 de enero hasta las 24:00 del 7 de enero (hora de las zonas en conflicto).<\/strong><\/span><\/p>\n<\/blockquote>\n<p style=\"text-align: justify;\"><span style=\"color: #800000;\"><strong>Kiev, 06 ene (SANA)<\/strong> <\/span>El presidente ucraniano Vlad\u00edmir Zelenski rechaz\u00f3 la propuesta de su hom\u00f3logo ruso, Vlad\u00edmir Putin, para declarar un alto el fuego la v\u00edspera y el d\u00eda de la Navidad ortodoxa que se celebra el 7 de enero.<\/p>\n<p style=\"text-align: justify;\">\u201cRusia quiere utilizar la Navidad como cubierta para detener, al menos brevemente, la ofensiva de nuestros chicos en Donb\u00e1s y acercar equipos, municiones y tropas movilizadas\u201d, justific\u00f3 Zelenski su rechazo en un videomensaje, seg\u00fan cit\u00f3 RT.<\/p>\n<p style=\"text-align: justify;\">En el mismo contexto, el asesor del jefe de la Oficina presidencial ucraniana, Mija\u00edl Podoliak, calific\u00f3 los llamamientos de un alto el fuego de &#8220;una trampa&#8221;, igual que el secretario del Consejo de Seguridad y Defensa Nacional de Ucrania, Alex\u00e9i Dan\u00edlov, quien subray\u00f3 que Ucrania no negociar\u00e1 una tregua navide\u00f1a con Rusia.<\/p>\n<p style=\"text-align: justify;\">Putin orden\u00f3 este jueves al ministro de Defensa del pa\u00eds, Sergu\u00e9i Shoig\u00fa, declarar un alto el fuego desde el mediod\u00eda del 6 de enero hasta las 24:00 del 7 de enero (hora de las zonas en conflicto).<\/p>\n<p style=\"text-align: justify;\"><em><strong>ah\/fm<\/strong><\/em><\/p>\n","protected":false},"excerpt":{"rendered":"<p>Putin orden\u00f3 este jueves al ministro de Defensa del pa\u00eds, Sergu\u00e9i Shoig\u00fa, declarar un alto el fuego desde el mediod\u00eda del 6 de enero hasta las 24:00 del 7 de enero (hora de las zonas en conflicto). Kiev, 06 ene (SANA) El presidente ucraniano Vlad\u00edmir Zelenski rechaz\u00f3 la propuesta de su hom\u00f3logo ruso, Vlad\u00edmir Putin, &hellip;<\/p>\n","protected":false},"author":30,"featured_media":268722,"comment_status":"closed","ping_status":"closed","sticky":false,"template":"","format":"standard","meta":{"footnotes":""},"categories":[456,20724],"tags":[],"class_list":["post-268721","post","type-post","status-publish","format-standard","has-post-thumbnail","","category-arabe-internacional-politica","category-minuto-a-minuto"],"_links":{"self":[{"href":"https:\/\/archive.sana.sy\/es\/index.php?rest_route=\/wp\/v2\/posts\/268721"}],"collection":[{"href":"https:\/\/archive.sana.sy\/es\/index.php?rest_route=\/wp\/v2\/posts"}],"about":[{"href":"https:\/\/archive.sana.sy\/es\/index.php?rest_route=\/wp\/v2\/types\/post"}],"author":[{"embeddable":true,"href":"https:\/\/archive.sana.sy\/es\/index.php?rest_route=\/wp\/v2\/users\/30"}],"replies":[{"embeddable":true,"href":"https:\/\/archive.sana.sy\/es\/index.php?rest_route=%2Fwp%2Fv2%2Fcomments&post=268721"}],"version-history":[{"count":0,"href":"https:\/\/archive.sana.sy\/es\/index.php?rest_route=\/wp\/v2\/posts\/268721\/revisions"}],"wp:featuredmedia":[{"embeddable":true,"href":"https:\/\/archive.sana.sy\/es\/index.php?rest_route=\/wp\/v2\/media\/268722"}],"wp:attachment":[{"href":"https:\/\/archive.sana.sy\/es\/index.php?rest_route=%2Fwp%2Fv2%2Fmedia&parent=268721"}],"wp:term":[{"taxonomy":"category","embeddable":true,"href":"https:\/\/archive.sana.sy\/es\/index.php?rest_route=%2Fwp%2Fv2%2Fcategories&post=268721"},{"taxonomy":"post_tag","embeddable":true,"href":"https:\/\/archive.sana.sy\/es\/index.php?rest_route=%2Fwp%2Fv2%2Ftags&post=268721"}],"curies":[{"name":"wp","href":"https:\/\/api.w.org\/{rel}","templated":true}]}}