{"id":26879,"date":"2015-07-18T23:14:21","date_gmt":"2015-07-18T20:14:21","guid":{"rendered":"http:\/\/sana.sy\/es\/?p=26879"},"modified":"2015-07-18T23:15:31","modified_gmt":"2015-07-18T20:15:31","slug":"siria-ocupa-su-puesto-del-ranking-mundial-de-esgrima","status":"publish","type":"post","link":"https:\/\/archive.sana.sy\/es\/?p=26879","title":{"rendered":"Siria ocupa su puesto en el r\u00e1nking mundial de esgrima"},"content":{"rendered":"<p><span style=\"color: #800000\">Mosc\u00fa-SANA<\/span><\/p>\n<p style=\"text-align: justify\">Los esgrimistas sirios Najlaa al-Sharki al-Awad y Homam Helwani, alcanzaron esta semana un lugar en el ranking mundial de la Federaci\u00f3n Internacional de Esgrima, gracias a sus destacadas actuaciones en el Campeonato Mundial realizado en Mosc\u00fa, Rusia.<\/p>\n<p style=\"text-align: justify\">Hablando con el corresponsal de SANA en Mosc\u00fa, los atletas dijeron que esta era la primera participaci\u00f3n del equipo nacional sirio de esgrima en un campeonato de este nivel, y que su intenci\u00f3n es calificarse para los Juegos Ol\u00edmpicos y lograr buenos resultados en eventos internacionales, a\u00f1adiendo que la participaci\u00f3n en el Campeonato fue esencial en cuanto a la adquisici\u00f3n de experiencia y habilidades.<\/p>\n<p style=\"text-align: justify\">A su vez, la jefe del equipo de Olfat al-Lotfi, dijo que los miembros del equipo se preparan para los Juegos Ol\u00edmpicos de 2016, expresando la determinaci\u00f3n del equipo para lograr buenos resultados, a su vez el entrenador del equipo Haitham Habbash, se\u00f1al\u00f3 que los resultados obtenidos por los atletas sirios en el Campeonato eran buenos, agregando que Najlaa al-Sharki al-Awad ocupa el segundo lugar en los campeonatos \u00e1rabes.<\/p>\n<p style=\"text-align: justify\">Siria ocupa actualmente su puesto del ranking mundial de esgrima, seg\u00fan la clasificaci\u00f3n por puntos publicada esta semana por la Federaci\u00f3n Internacional de Esgrima (FIE) de los equipos de espada para los Juegos Ol\u00edmpicos R\u00edo 2016.<\/p>\n<p>M.Miri<\/p>\n","protected":false},"excerpt":{"rendered":"<p>Mosc\u00fa-SANA Los esgrimistas sirios Najlaa al-Sharki al-Awad y Homam Helwani, alcanzaron esta semana un lugar en el ranking mundial de la Federaci\u00f3n Internacional de Esgrima, gracias a sus destacadas actuaciones en el Campeonato Mundial realizado en Mosc\u00fa, Rusia. Hablando con el corresponsal de SANA en Mosc\u00fa, los atletas dijeron que esta era la primera participaci\u00f3n &hellip;<\/p>\n","protected":false},"author":1,"featured_media":26880,"comment_status":"closed","ping_status":"closed","sticky":false,"template":"","format":"standard","meta":{"footnotes":""},"categories":[494],"tags":[6036,6037],"class_list":["post-26879","post","type-post","status-publish","format-standard","has-post-thumbnail","","category-deportes","tag-siria-ocupa-su-puesto-del-ranking-mundial-de-esgrima","tag-siria-ocupa-su-puesto-en-el-ranking-mundial-de-esgrima"],"_links":{"self":[{"href":"https:\/\/archive.sana.sy\/es\/index.php?rest_route=\/wp\/v2\/posts\/26879"}],"collection":[{"href":"https:\/\/archive.sana.sy\/es\/index.php?rest_route=\/wp\/v2\/posts"}],"about":[{"href":"https:\/\/archive.sana.sy\/es\/index.php?rest_route=\/wp\/v2\/types\/post"}],"author":[{"embeddable":true,"href":"https:\/\/archive.sana.sy\/es\/index.php?rest_route=\/wp\/v2\/users\/1"}],"replies":[{"embeddable":true,"href":"https:\/\/archive.sana.sy\/es\/index.php?rest_route=%2Fwp%2Fv2%2Fcomments&post=26879"}],"version-history":[{"count":0,"href":"https:\/\/archive.sana.sy\/es\/index.php?rest_route=\/wp\/v2\/posts\/26879\/revisions"}],"wp:featuredmedia":[{"embeddable":true,"href":"https:\/\/archive.sana.sy\/es\/index.php?rest_route=\/wp\/v2\/media\/26880"}],"wp:attachment":[{"href":"https:\/\/archive.sana.sy\/es\/index.php?rest_route=%2Fwp%2Fv2%2Fmedia&parent=26879"}],"wp:term":[{"taxonomy":"category","embeddable":true,"href":"https:\/\/archive.sana.sy\/es\/index.php?rest_route=%2Fwp%2Fv2%2Fcategories&post=26879"},{"taxonomy":"post_tag","embeddable":true,"href":"https:\/\/archive.sana.sy\/es\/index.php?rest_route=%2Fwp%2Fv2%2Ftags&post=26879"}],"curies":[{"name":"wp","href":"https:\/\/api.w.org\/{rel}","templated":true}]}}