{"id":268792,"date":"2023-01-06T15:23:17","date_gmt":"2023-01-06T13:23:17","guid":{"rendered":"http:\/\/107.6.182.27\/es\/?p=268792"},"modified":"2023-01-10T15:47:58","modified_gmt":"2023-01-10T13:47:58","slug":"durante-el-dia-previo-a-la-tregua-las-fuerzas-rusas-destruyen-gran-cantidad-de-armas-estadounidenses-en-manos-de-las-fuerzas-de-kiev","status":"publish","type":"post","link":"https:\/\/archive.sana.sy\/es\/?p=268792","title":{"rendered":"Durante el d\u00eda previo a la tregua, las fuerzas rusas destruyen gran cantidad de armas estadounidenses en manos de las fuerzas de Kiev"},"content":{"rendered":"<blockquote>\n<p style=\"text-align: justify;\"><span style=\"color: #800000;\"><em><strong>Las fuerzas ucranianas sufrieron 230 bajas durante el d\u00eda 5 de enero, adem\u00e1s de perder un ob\u00fas D-20, un sistema de artiller\u00eda M-777, dos estaciones de radar de contrabater\u00eda AN\/TPQ-36 y AN\/TPQ-50 fabricadas en EE.UU., y un radar del sistema de misiles antia\u00e9reos S-300.<\/strong><\/em><\/span><\/p>\n<\/blockquote>\n<p style=\"text-align: justify;\"><strong>Mosc\u00fa, 06 ene (SANA)<\/strong> En su informe sobre el progreso de la operaci\u00f3n militar especial en el territorio de Ucrania, el Ministerio de Defensa inform\u00f3 que cumpliendo las instrucciones del Presidente y del Ministro de Defensa, la Agrupaci\u00f3n Conjunta de Tropas Rusas en el \u00e1rea de la operaci\u00f3n militar especial comenz\u00f3 a partir de las 12.00 horas del 6 de enero hasta las 24.00 horas del 7 de enero un alto el fuego a lo largo de toda la l\u00ednea de contacto militar entre las partes en Ucrania.<\/p>\n<p style=\"text-align: justify;\">Seg\u00fan el Ministerio, durante las \u00faltimas 24 horas, en las direcciones de Kupiansk y Krasno-Limansk, m\u00e1s de 100 militares ucranianos fueron neutralizados, y un tanque, cinco veh\u00edculos blindados de combate, dos veh\u00edculos y cuatro camionetas fueron destruidos, as\u00ed como se eliminaron dos grupos de asalto ucranianos.<\/p>\n<p style=\"text-align: justify;\">Asimismo, en la direcci\u00f3n de Donetsk, las operaciones ofensivas de las tropas rusas dejaron 80 militares ucranianos entre muertos o heridos, adem\u00e1s de destruir dos tanques, tres veh\u00edculos de combate de infanter\u00eda y cinco veh\u00edculos b\u00e9licos.<\/p>\n<p style=\"text-align: justify;\">Mientras en la direcci\u00f3n Sur-Donetsk, m\u00e1s de 50 militares ucranianos fueron eliminados y un tanque, tres veh\u00edculos blindados de combate y tres camionetas fueron destruidas por ataques a\u00e9reos y el fuego de artiller\u00eda y lanzacohetes<br \/>\nLa aviaci\u00f3n operacional-t\u00e1ctica y las tropas de misiles y artiller\u00eda golpean 65 unidades de artiller\u00eda en posiciones de tiro y 102 sitios de concentraci\u00f3n de tropas y equipos b\u00e9licos.<\/p>\n<p style=\"text-align: justify;\">Las tropas de Kiev perdieron tambi\u00e9n un ob\u00fas D-20, un sistema de artiller\u00eda M-777, dos estaciones de radar de contrabater\u00eda AN\/TPQ-36 y AN\/TPQ-50 fabricadas en EE.UU., y un radar del sistema de misiles antia\u00e9reos S-300<br \/>\nA su vez, un avi\u00f3n de combate ruso derrib\u00f3 un avi\u00f3n Su-25 de la Fuerza A\u00e9rea de Ucrania, mientras los sistemas de defensa a\u00e9rea interceptaron cinco veh\u00edculos a\u00e9reos no tripulados ucranianos, ocho cohetes estadounidenses tipo HIMARS.<\/p>\n<p style=\"text-align: justify;\">fm\/sm<\/p>\n","protected":false},"excerpt":{"rendered":"<p>Las fuerzas ucranianas sufrieron 230 bajas durante el d\u00eda 5 de enero, adem\u00e1s de perder un ob\u00fas D-20, un sistema de artiller\u00eda M-777, dos estaciones de radar de contrabater\u00eda AN\/TPQ-36 y AN\/TPQ-50 fabricadas en EE.UU., y un radar del sistema de misiles antia\u00e9reos S-300. Mosc\u00fa, 06 ene (SANA) En su informe sobre el progreso de &hellip;<\/p>\n","protected":false},"author":39,"featured_media":268795,"comment_status":"closed","ping_status":"closed","sticky":false,"template":"","format":"standard","meta":{"footnotes":""},"categories":[597,456,583],"tags":[21716,7016,20978,20357],"class_list":["post-268792","post","type-post","status-publish","format-standard","has-post-thumbnail","","category-cinta-de-noticias","category-arabe-internacional-politica","category-slide","tag-06-ene","tag-moscu","tag-operacion-militar-especial","tag-ucrania"],"_links":{"self":[{"href":"https:\/\/archive.sana.sy\/es\/index.php?rest_route=\/wp\/v2\/posts\/268792"}],"collection":[{"href":"https:\/\/archive.sana.sy\/es\/index.php?rest_route=\/wp\/v2\/posts"}],"about":[{"href":"https:\/\/archive.sana.sy\/es\/index.php?rest_route=\/wp\/v2\/types\/post"}],"author":[{"embeddable":true,"href":"https:\/\/archive.sana.sy\/es\/index.php?rest_route=\/wp\/v2\/users\/39"}],"replies":[{"embeddable":true,"href":"https:\/\/archive.sana.sy\/es\/index.php?rest_route=%2Fwp%2Fv2%2Fcomments&post=268792"}],"version-history":[{"count":0,"href":"https:\/\/archive.sana.sy\/es\/index.php?rest_route=\/wp\/v2\/posts\/268792\/revisions"}],"wp:featuredmedia":[{"embeddable":true,"href":"https:\/\/archive.sana.sy\/es\/index.php?rest_route=\/wp\/v2\/media\/268795"}],"wp:attachment":[{"href":"https:\/\/archive.sana.sy\/es\/index.php?rest_route=%2Fwp%2Fv2%2Fmedia&parent=268792"}],"wp:term":[{"taxonomy":"category","embeddable":true,"href":"https:\/\/archive.sana.sy\/es\/index.php?rest_route=%2Fwp%2Fv2%2Fcategories&post=268792"},{"taxonomy":"post_tag","embeddable":true,"href":"https:\/\/archive.sana.sy\/es\/index.php?rest_route=%2Fwp%2Fv2%2Ftags&post=268792"}],"curies":[{"name":"wp","href":"https:\/\/api.w.org\/{rel}","templated":true}]}}