{"id":268828,"date":"2023-01-06T16:33:53","date_gmt":"2023-01-06T14:33:53","guid":{"rendered":"http:\/\/107.6.182.27\/es\/?p=268828"},"modified":"2023-01-10T15:47:57","modified_gmt":"2023-01-10T13:47:57","slug":"eran-piezas-de-ajedrez-sacadas-del-tablero-el-principe-enrique-mato-a-25-talibanes-en-afganistan","status":"publish","type":"post","link":"https:\/\/archive.sana.sy\/es\/?p=268828","title":{"rendered":"&#8220;Eran piezas de ajedrez sacadas del tablero&#8221;, el pr\u00edncipe Enrique mat\u00f3 a 25 talibanes en Afganist\u00e1n"},"content":{"rendered":"<blockquote>\n<p style=\"text-align: justify;\"><span style=\"color: #800000;\"><em><strong>Sobre la cantidad de personas que mat\u00f3, se\u00f1ala que los soldados habitualmente no saben cu\u00e1ntos enemigos eliminan, y mi n\u00famero es 25. No es un n\u00famero que me llene de satisfacci\u00f3n, pero tampoco me averg\u00fcenza.<\/strong><\/em><\/span><\/p>\n<\/blockquote>\n<p style=\"text-align: justify;\"><strong>Damasco, 06 ene (SANA)<\/strong> En su libro autobiogr\u00e1fico que saldr\u00e1 a la venta el pr\u00f3ximo martes 10 de enero, el pr\u00edncipe Enrique habla de su participaci\u00f3n en seis misiones durante la guerra en Afganist\u00e1n, en las que mat\u00f3 a 25 talibanes.<\/p>\n<p style=\"text-align: justify;\">Seg\u00fan revela, a sus v\u00edctimas no las ve\u00eda como &#8220;personas&#8221;, sino como &#8220;piezas de ajedrez sacadas del tablero&#8221;.<\/p>\n<p style=\"text-align: justify;\">El duque de Sussex insiste en que en &#8220;el estruendo y la confusi\u00f3n del combate&#8221;, los talibanes eran &#8220;malos eliminados antes de que pudieran matar a los buenos&#8221;.<\/p>\n<p style=\"text-align: justify;\">Sobre la cantidad de personas que mat\u00f3, se\u00f1ala que los soldados habitualmente no saben cu\u00e1ntos enemigos eliminan, y mi n\u00famero es 25. No es un n\u00famero que me llene de satisfacci\u00f3n, pero tampoco me averg\u00fcenza.<\/p>\n<p style=\"text-align: justify;\">En el libro, el duque tambi\u00e9n explica que no tiene cargo de conciencia, porque recuerda el momento en que vio por televisi\u00f3n los ataques del 11 de septiembre de 2001 en EE.UU. y cuando se reuni\u00f3 con familiares de las v\u00edctimas.<\/p>\n<p style=\"text-align: justify;\">El duque de Sussex prest\u00f3 servicio en Afganist\u00e1n dos veces. La primera fue entre 2007 y 2008 en Helmand y la segunda en 2012, cuando ya hab\u00eda aprendido a volar en helic\u00f3pteros Apache.<\/p>\n<p style=\"text-align: justify;\">fm\/sm<\/p>\n","protected":false},"excerpt":{"rendered":"<p>Sobre la cantidad de personas que mat\u00f3, se\u00f1ala que los soldados habitualmente no saben cu\u00e1ntos enemigos eliminan, y mi n\u00famero es 25. No es un n\u00famero que me llene de satisfacci\u00f3n, pero tampoco me averg\u00fcenza. Damasco, 06 ene (SANA) En su libro autobiogr\u00e1fico que saldr\u00e1 a la venta el pr\u00f3ximo martes 10 de enero, el &hellip;<\/p>\n","protected":false},"author":39,"featured_media":268829,"comment_status":"closed","ping_status":"closed","sticky":false,"template":"","format":"standard","meta":{"footnotes":""},"categories":[597,456,20724,7541],"tags":[21719,21720],"class_list":["post-268828","post","type-post","status-publish","format-standard","has-post-thumbnail","","category-cinta-de-noticias","category-arabe-internacional-politica","category-minuto-a-minuto","category-ultimas-noticias","tag-principe-enrique","tag-talibanes"],"_links":{"self":[{"href":"https:\/\/archive.sana.sy\/es\/index.php?rest_route=\/wp\/v2\/posts\/268828"}],"collection":[{"href":"https:\/\/archive.sana.sy\/es\/index.php?rest_route=\/wp\/v2\/posts"}],"about":[{"href":"https:\/\/archive.sana.sy\/es\/index.php?rest_route=\/wp\/v2\/types\/post"}],"author":[{"embeddable":true,"href":"https:\/\/archive.sana.sy\/es\/index.php?rest_route=\/wp\/v2\/users\/39"}],"replies":[{"embeddable":true,"href":"https:\/\/archive.sana.sy\/es\/index.php?rest_route=%2Fwp%2Fv2%2Fcomments&post=268828"}],"version-history":[{"count":0,"href":"https:\/\/archive.sana.sy\/es\/index.php?rest_route=\/wp\/v2\/posts\/268828\/revisions"}],"wp:featuredmedia":[{"embeddable":true,"href":"https:\/\/archive.sana.sy\/es\/index.php?rest_route=\/wp\/v2\/media\/268829"}],"wp:attachment":[{"href":"https:\/\/archive.sana.sy\/es\/index.php?rest_route=%2Fwp%2Fv2%2Fmedia&parent=268828"}],"wp:term":[{"taxonomy":"category","embeddable":true,"href":"https:\/\/archive.sana.sy\/es\/index.php?rest_route=%2Fwp%2Fv2%2Fcategories&post=268828"},{"taxonomy":"post_tag","embeddable":true,"href":"https:\/\/archive.sana.sy\/es\/index.php?rest_route=%2Fwp%2Fv2%2Ftags&post=268828"}],"curies":[{"name":"wp","href":"https:\/\/api.w.org\/{rel}","templated":true}]}}