{"id":268844,"date":"2023-01-06T20:39:00","date_gmt":"2023-01-06T18:39:00","guid":{"rendered":"http:\/\/107.6.182.27\/es\/?p=268844"},"modified":"2023-01-10T15:47:57","modified_gmt":"2023-01-10T13:47:57","slug":"presidente-designo-a-yvan-gil-como-nuevo-canciller-de-venezuela","status":"publish","type":"post","link":"https:\/\/archive.sana.sy\/es\/?p=268844","title":{"rendered":"Maduro design\u00f3 a Yv\u00e1n Gil como nuevo canciller de Venezuela"},"content":{"rendered":"<p style=\"text-align: justify;\"><span style=\"color: #800000;\"><strong>Caracas, 06 ene (SANA)\u00a0<\/strong><\/span> \u00a0El presidente Nicol\u00e1s Maduro design\u00f3 hoy a Yv\u00e1n Gil como nuevo canciller de Venezuela, en reemplazo de Carlos Far\u00eda, quien ocupaba el cargo desde el 16 de mayo de 2022.<\/p>\n<p style=\"text-align: justify;\">Citado por Prensa Latina, el mandatario asegur\u00f3 que Gil desempe\u00f1ar\u00e1 con gran profesionalismo la nueva responsabilidad, agradeci\u00f3 al titular saliente \u201cpor su destacada labor\u201d y apunt\u00f3 que en los pr\u00f3ximos d\u00edas le vendr\u00e1n nuevas tareas.<\/p>\n<p style=\"text-align: justify;\">El jefe de Estado nombr\u00f3, adem\u00e1s a An\u00edbal Coronado como jefe de Gobierno del territorio insular \u201cFrancisco de Miranda\u201d, una entidad de gran potencial que debe impulsarse como un \u00e1rea estrat\u00e9gica para el desarrollo nacional, acot\u00f3.<\/p>\n<p style=\"text-align: justify;\">Su experiencia ser\u00e1 vital para el cumplimiento de esta labor, asever\u00f3 el gobernante.<\/p>\n<p style=\"text-align: justify;\">rr\/fm<\/p>\n","protected":false},"excerpt":{"rendered":"<p>Caracas, 06 ene (SANA)\u00a0 \u00a0El presidente Nicol\u00e1s Maduro design\u00f3 hoy a Yv\u00e1n Gil como nuevo canciller de Venezuela, en reemplazo de Carlos Far\u00eda, quien ocupaba el cargo desde el 16 de mayo de 2022. Citado por Prensa Latina, el mandatario asegur\u00f3 que Gil desempe\u00f1ar\u00e1 con gran profesionalismo la nueva responsabilidad, agradeci\u00f3 al titular saliente \u201cpor &hellip;<\/p>\n","protected":false},"author":31,"featured_media":268845,"comment_status":"closed","ping_status":"closed","sticky":false,"template":"","format":"standard","meta":{"footnotes":""},"categories":[456],"tags":[20084,8881],"class_list":["post-268844","post","type-post","status-publish","format-standard","has-post-thumbnail","","category-arabe-internacional-politica","tag-canciller","tag-venezuela"],"_links":{"self":[{"href":"https:\/\/archive.sana.sy\/es\/index.php?rest_route=\/wp\/v2\/posts\/268844"}],"collection":[{"href":"https:\/\/archive.sana.sy\/es\/index.php?rest_route=\/wp\/v2\/posts"}],"about":[{"href":"https:\/\/archive.sana.sy\/es\/index.php?rest_route=\/wp\/v2\/types\/post"}],"author":[{"embeddable":true,"href":"https:\/\/archive.sana.sy\/es\/index.php?rest_route=\/wp\/v2\/users\/31"}],"replies":[{"embeddable":true,"href":"https:\/\/archive.sana.sy\/es\/index.php?rest_route=%2Fwp%2Fv2%2Fcomments&post=268844"}],"version-history":[{"count":0,"href":"https:\/\/archive.sana.sy\/es\/index.php?rest_route=\/wp\/v2\/posts\/268844\/revisions"}],"wp:featuredmedia":[{"embeddable":true,"href":"https:\/\/archive.sana.sy\/es\/index.php?rest_route=\/wp\/v2\/media\/268845"}],"wp:attachment":[{"href":"https:\/\/archive.sana.sy\/es\/index.php?rest_route=%2Fwp%2Fv2%2Fmedia&parent=268844"}],"wp:term":[{"taxonomy":"category","embeddable":true,"href":"https:\/\/archive.sana.sy\/es\/index.php?rest_route=%2Fwp%2Fv2%2Fcategories&post=268844"},{"taxonomy":"post_tag","embeddable":true,"href":"https:\/\/archive.sana.sy\/es\/index.php?rest_route=%2Fwp%2Fv2%2Ftags&post=268844"}],"curies":[{"name":"wp","href":"https:\/\/api.w.org\/{rel}","templated":true}]}}