{"id":268859,"date":"2023-01-07T09:01:00","date_gmt":"2023-01-07T07:01:00","guid":{"rendered":"http:\/\/107.6.182.27\/es\/?p=268859"},"modified":"2023-01-07T10:31:57","modified_gmt":"2023-01-07T08:31:57","slug":"provincias-de-homs-y-deraa-lanzan-campanas-de-siembra-de-arboles-con-motivo-del-dia-nacional-del-arbol-fotos","status":"publish","type":"post","link":"https:\/\/archive.sana.sy\/es\/?p=268859","title":{"rendered":"Provincias de Homs y Deraa lanzan campa\u00f1as de siembra de \u00e1rboles con motivo del D\u00eda Nacional del \u00c1rbol (fotos)"},"content":{"rendered":"<p style=\"text-align: justify;\"><span style=\"color: #800000;\"><strong>Homs- Deraa, 07 ene (SANA)\u00a0<\/strong><\/span> La Direcci\u00f3n de Agricultura de la provincia central de Homs realiz\u00f3 una celebraci\u00f3n que incluy\u00f3 la plantaci\u00f3n de 1.200 \u00e1rboles en el sitio de la carretera internacional Homs-Damasco, con la participaci\u00f3n de varias direcciones, organismos y actividades civiles y populares bajo el lema \u201cPlantemos un \u00e1rbol para un futuro verde\u201d, con motivo de la 71\u00b0 Aniversario del D\u00eda Nacional del \u00c1rbol.<\/p>\n<p style=\"text-align: justify;\">El director de la Entidad, Younis Hamdan, inform\u00f3 que dos hect\u00e1reas han sido sembradas con plantaciones forestales de cipr\u00e9s, pino y eucalipto, lo cual forma parte de las campa\u00f1as de forestaci\u00f3n que realiza la provincia cuyo objetivo es sembrar 65,000 \u00e1rboles en una superficie de 112 hect\u00e1reas que incluye todas las localidades de la referida provincia.<\/p>\n<p style=\"text-align: justify;\">Asimismo, la provincia sure\u00f1a de Deraa celebr\u00f3 la misma ocasi\u00f3n a trav\u00e9s de una campa\u00f1a para plantar 1200 \u00e1rboles en la carretera Damasco-Deraa, cerca de la localidad Khirbet Ghazala.<\/p>\n<p style=\"text-align: justify;\">El subjefe de la Oficina Ejecutiva del Ayuntamiento Provincial, Abdel Aziz al-Jahmani, declar\u00f3 a SANA que la campa\u00f1a, que se lleva a cabo bajo el lema \u201cPlantemos para un futuro verde\u201d viene como una contribuci\u00f3n de la provincia para recuperar la capa verde que ha sido afectada por la guerra.<\/p>\n<p style=\"text-align: justify;\">El jefe del Departamento Forestal, Jamil Al-Abdullah, afirm\u00f3 que esta campa\u00f1a incluy\u00f3 la siembra de cipreses y eucaliptos, que forma parte de las campa\u00f1as de forestaci\u00f3n lanzadas a principios de noviembre, con la participaci\u00f3n de organismos populares, sindicatos, universidades, institutos y escuelas.<\/p>\n<div id='gallery-1' class='gallery galleryid-268859 gallery-columns-1 gallery-size-full'><figure class='gallery-item'>\n\t\t\t<div class='gallery-icon landscape'>\n\t\t\t\t<a href='https:\/\/archive.sana.sy\/es\/?attachment_id=268861'><img loading=\"lazy\" decoding=\"async\" width=\"2560\" height=\"1707\" src=\"https:\/\/archive.sana.sy\/es\/wp-content\/uploads\/2023\/01\/1-5-scaled.jpg\" class=\"attachment-full size-full\" alt=\"\" srcset=\"https:\/\/archive.sana.sy\/es\/wp-content\/uploads\/2023\/01\/1-5-scaled.jpg 2560w, https:\/\/archive.sana.sy\/es\/wp-content\/uploads\/2023\/01\/1-5-300x200.jpg 300w, https:\/\/archive.sana.sy\/es\/wp-content\/uploads\/2023\/01\/1-5-1024x683.jpg 1024w, https:\/\/archive.sana.sy\/es\/wp-content\/uploads\/2023\/01\/1-5-150x100.jpg 150w, https:\/\/archive.sana.sy\/es\/wp-content\/uploads\/2023\/01\/1-5-768x512.jpg 768w, https:\/\/archive.sana.sy\/es\/wp-content\/uploads\/2023\/01\/1-5-1536x1024.jpg 1536w, https:\/\/archive.sana.sy\/es\/wp-content\/uploads\/2023\/01\/1-5-2048x1365.jpg 2048w\" sizes=\"(max-width: 2560px) 100vw, 2560px\" \/><\/a>\n\t\t\t<\/div><\/figure><figure class='gallery-item'>\n\t\t\t<div class='gallery-icon landscape'>\n\t\t\t\t<a href='https:\/\/archive.sana.sy\/es\/?attachment_id=268862'><img loading=\"lazy\" decoding=\"async\" width=\"2560\" height=\"1707\" src=\"https:\/\/archive.sana.sy\/es\/wp-content\/uploads\/2023\/01\/1-10-scaled.jpg\" class=\"attachment-full size-full\" alt=\"\" srcset=\"https:\/\/archive.sana.sy\/es\/wp-content\/uploads\/2023\/01\/1-10-scaled.jpg 2560w, https:\/\/archive.sana.sy\/es\/wp-content\/uploads\/2023\/01\/1-10-300x200.jpg 300w, https:\/\/archive.sana.sy\/es\/wp-content\/uploads\/2023\/01\/1-10-1024x683.jpg 1024w, https:\/\/archive.sana.sy\/es\/wp-content\/uploads\/2023\/01\/1-10-150x100.jpg 150w, https:\/\/archive.sana.sy\/es\/wp-content\/uploads\/2023\/01\/1-10-768x512.jpg 768w, https:\/\/archive.sana.sy\/es\/wp-content\/uploads\/2023\/01\/1-10-1536x1024.jpg 1536w, https:\/\/archive.sana.sy\/es\/wp-content\/uploads\/2023\/01\/1-10-2048x1365.jpg 2048w\" sizes=\"(max-width: 2560px) 100vw, 2560px\" \/><\/a>\n\t\t\t<\/div><\/figure><figure class='gallery-item'>\n\t\t\t<div class='gallery-icon landscape'>\n\t\t\t\t<a href='https:\/\/archive.sana.sy\/es\/?attachment_id=268863'><img loading=\"lazy\" decoding=\"async\" width=\"2560\" height=\"1707\" src=\"https:\/\/archive.sana.sy\/es\/wp-content\/uploads\/2023\/01\/1-11-scaled.jpg\" class=\"attachment-full size-full\" alt=\"\" srcset=\"https:\/\/archive.sana.sy\/es\/wp-content\/uploads\/2023\/01\/1-11-scaled.jpg 2560w, https:\/\/archive.sana.sy\/es\/wp-content\/uploads\/2023\/01\/1-11-300x200.jpg 300w, https:\/\/archive.sana.sy\/es\/wp-content\/uploads\/2023\/01\/1-11-1024x683.jpg 1024w, https:\/\/archive.sana.sy\/es\/wp-content\/uploads\/2023\/01\/1-11-150x100.jpg 150w, https:\/\/archive.sana.sy\/es\/wp-content\/uploads\/2023\/01\/1-11-768x512.jpg 768w, https:\/\/archive.sana.sy\/es\/wp-content\/uploads\/2023\/01\/1-11-1536x1024.jpg 1536w, https:\/\/archive.sana.sy\/es\/wp-content\/uploads\/2023\/01\/1-11-2048x1365.jpg 2048w\" sizes=\"(max-width: 2560px) 100vw, 2560px\" \/><\/a>\n\t\t\t<\/div><\/figure><figure class='gallery-item'>\n\t\t\t<div class='gallery-icon landscape'>\n\t\t\t\t<a href='https:\/\/archive.sana.sy\/es\/?attachment_id=268864'><img loading=\"lazy\" decoding=\"async\" width=\"2560\" height=\"1707\" src=\"https:\/\/archive.sana.sy\/es\/wp-content\/uploads\/2023\/01\/1-18-scaled.jpg\" class=\"attachment-full size-full\" alt=\"\" srcset=\"https:\/\/archive.sana.sy\/es\/wp-content\/uploads\/2023\/01\/1-18-scaled.jpg 2560w, https:\/\/archive.sana.sy\/es\/wp-content\/uploads\/2023\/01\/1-18-300x200.jpg 300w, https:\/\/archive.sana.sy\/es\/wp-content\/uploads\/2023\/01\/1-18-1024x683.jpg 1024w, https:\/\/archive.sana.sy\/es\/wp-content\/uploads\/2023\/01\/1-18-150x100.jpg 150w, https:\/\/archive.sana.sy\/es\/wp-content\/uploads\/2023\/01\/1-18-768x512.jpg 768w, https:\/\/archive.sana.sy\/es\/wp-content\/uploads\/2023\/01\/1-18-1536x1024.jpg 1536w, https:\/\/archive.sana.sy\/es\/wp-content\/uploads\/2023\/01\/1-18-2048x1365.jpg 2048w\" sizes=\"(max-width: 2560px) 100vw, 2560px\" \/><\/a>\n\t\t\t<\/div><\/figure><figure class='gallery-item'>\n\t\t\t<div class='gallery-icon landscape'>\n\t\t\t\t<a href='https:\/\/archive.sana.sy\/es\/?attachment_id=268865'><img loading=\"lazy\" decoding=\"async\" width=\"2560\" height=\"1848\" src=\"https:\/\/archive.sana.sy\/es\/wp-content\/uploads\/2023\/01\/photo_2023-01-05_14-12-06-scaled.jpg\" class=\"attachment-full size-full\" alt=\"\" srcset=\"https:\/\/archive.sana.sy\/es\/wp-content\/uploads\/2023\/01\/photo_2023-01-05_14-12-06-scaled.jpg 2560w, https:\/\/archive.sana.sy\/es\/wp-content\/uploads\/2023\/01\/photo_2023-01-05_14-12-06-300x217.jpg 300w, https:\/\/archive.sana.sy\/es\/wp-content\/uploads\/2023\/01\/photo_2023-01-05_14-12-06-1024x739.jpg 1024w, https:\/\/archive.sana.sy\/es\/wp-content\/uploads\/2023\/01\/photo_2023-01-05_14-12-06-150x108.jpg 150w, https:\/\/archive.sana.sy\/es\/wp-content\/uploads\/2023\/01\/photo_2023-01-05_14-12-06-768x554.jpg 768w, https:\/\/archive.sana.sy\/es\/wp-content\/uploads\/2023\/01\/photo_2023-01-05_14-12-06-1536x1109.jpg 1536w, https:\/\/archive.sana.sy\/es\/wp-content\/uploads\/2023\/01\/photo_2023-01-05_14-12-06-2048x1478.jpg 2048w\" sizes=\"(max-width: 2560px) 100vw, 2560px\" \/><\/a>\n\t\t\t<\/div><\/figure><figure class='gallery-item'>\n\t\t\t<div class='gallery-icon landscape'>\n\t\t\t\t<a href='https:\/\/archive.sana.sy\/es\/?attachment_id=268866'><img loading=\"lazy\" decoding=\"async\" width=\"2560\" height=\"1826\" src=\"https:\/\/archive.sana.sy\/es\/wp-content\/uploads\/2023\/01\/photo_2023-01-05_14-12-30-scaled.jpg\" class=\"attachment-full size-full\" alt=\"\" srcset=\"https:\/\/archive.sana.sy\/es\/wp-content\/uploads\/2023\/01\/photo_2023-01-05_14-12-30-scaled.jpg 2560w, https:\/\/archive.sana.sy\/es\/wp-content\/uploads\/2023\/01\/photo_2023-01-05_14-12-30-300x214.jpg 300w, https:\/\/archive.sana.sy\/es\/wp-content\/uploads\/2023\/01\/photo_2023-01-05_14-12-30-1024x730.jpg 1024w, https:\/\/archive.sana.sy\/es\/wp-content\/uploads\/2023\/01\/photo_2023-01-05_14-12-30-150x107.jpg 150w, https:\/\/archive.sana.sy\/es\/wp-content\/uploads\/2023\/01\/photo_2023-01-05_14-12-30-768x548.jpg 768w, https:\/\/archive.sana.sy\/es\/wp-content\/uploads\/2023\/01\/photo_2023-01-05_14-12-30-1536x1096.jpg 1536w, https:\/\/archive.sana.sy\/es\/wp-content\/uploads\/2023\/01\/photo_2023-01-05_14-12-30-2048x1461.jpg 2048w\" sizes=\"(max-width: 2560px) 100vw, 2560px\" \/><\/a>\n\t\t\t<\/div><\/figure><figure class='gallery-item'>\n\t\t\t<div class='gallery-icon landscape'>\n\t\t\t\t<a href='https:\/\/archive.sana.sy\/es\/?attachment_id=268867'><img loading=\"lazy\" decoding=\"async\" width=\"2560\" height=\"1708\" src=\"https:\/\/archive.sana.sy\/es\/wp-content\/uploads\/2023\/01\/photo_2023-01-05_14-12-36-scaled.jpg\" class=\"attachment-full size-full\" alt=\"\" srcset=\"https:\/\/archive.sana.sy\/es\/wp-content\/uploads\/2023\/01\/photo_2023-01-05_14-12-36-scaled.jpg 2560w, https:\/\/archive.sana.sy\/es\/wp-content\/uploads\/2023\/01\/photo_2023-01-05_14-12-36-300x200.jpg 300w, https:\/\/archive.sana.sy\/es\/wp-content\/uploads\/2023\/01\/photo_2023-01-05_14-12-36-1024x683.jpg 1024w, https:\/\/archive.sana.sy\/es\/wp-content\/uploads\/2023\/01\/photo_2023-01-05_14-12-36-150x100.jpg 150w, https:\/\/archive.sana.sy\/es\/wp-content\/uploads\/2023\/01\/photo_2023-01-05_14-12-36-768x512.jpg 768w, https:\/\/archive.sana.sy\/es\/wp-content\/uploads\/2023\/01\/photo_2023-01-05_14-12-36-1536x1025.jpg 1536w, https:\/\/archive.sana.sy\/es\/wp-content\/uploads\/2023\/01\/photo_2023-01-05_14-12-36-2048x1366.jpg 2048w\" sizes=\"(max-width: 2560px) 100vw, 2560px\" \/><\/a>\n\t\t\t<\/div><\/figure>\n\t\t<\/div>\n\n<p style=\"text-align: justify;\">sm<\/p>\n","protected":false},"excerpt":{"rendered":"<p>Homs- Deraa, 07 ene (SANA)\u00a0 La Direcci\u00f3n de Agricultura de la provincia central de Homs realiz\u00f3 una celebraci\u00f3n que incluy\u00f3 la plantaci\u00f3n de 1.200 \u00e1rboles en el sitio de la carretera internacional Homs-Damasco, con la participaci\u00f3n de varias direcciones, organismos y actividades civiles y populares bajo el lema \u201cPlantemos un \u00e1rbol para un futuro verde\u201d, &hellip;<\/p>\n","protected":false},"author":39,"featured_media":268869,"comment_status":"closed","ping_status":"closed","sticky":false,"template":"","format":"standard","meta":{"footnotes":""},"categories":[597,476,583],"tags":[],"class_list":["post-268859","post","type-post","status-publish","format-standard","has-post-thumbnail","","category-cinta-de-noticias","category-locales","category-slide"],"_links":{"self":[{"href":"https:\/\/archive.sana.sy\/es\/index.php?rest_route=\/wp\/v2\/posts\/268859"}],"collection":[{"href":"https:\/\/archive.sana.sy\/es\/index.php?rest_route=\/wp\/v2\/posts"}],"about":[{"href":"https:\/\/archive.sana.sy\/es\/index.php?rest_route=\/wp\/v2\/types\/post"}],"author":[{"embeddable":true,"href":"https:\/\/archive.sana.sy\/es\/index.php?rest_route=\/wp\/v2\/users\/39"}],"replies":[{"embeddable":true,"href":"https:\/\/archive.sana.sy\/es\/index.php?rest_route=%2Fwp%2Fv2%2Fcomments&post=268859"}],"version-history":[{"count":0,"href":"https:\/\/archive.sana.sy\/es\/index.php?rest_route=\/wp\/v2\/posts\/268859\/revisions"}],"wp:featuredmedia":[{"embeddable":true,"href":"https:\/\/archive.sana.sy\/es\/index.php?rest_route=\/wp\/v2\/media\/268869"}],"wp:attachment":[{"href":"https:\/\/archive.sana.sy\/es\/index.php?rest_route=%2Fwp%2Fv2%2Fmedia&parent=268859"}],"wp:term":[{"taxonomy":"category","embeddable":true,"href":"https:\/\/archive.sana.sy\/es\/index.php?rest_route=%2Fwp%2Fv2%2Fcategories&post=268859"},{"taxonomy":"post_tag","embeddable":true,"href":"https:\/\/archive.sana.sy\/es\/index.php?rest_route=%2Fwp%2Fv2%2Ftags&post=268859"}],"curies":[{"name":"wp","href":"https:\/\/api.w.org\/{rel}","templated":true}]}}