{"id":268872,"date":"2023-01-07T09:28:11","date_gmt":"2023-01-07T07:28:11","guid":{"rendered":"http:\/\/107.6.182.27\/es\/?p=268872"},"modified":"2023-01-10T15:47:56","modified_gmt":"2023-01-10T13:47:56","slug":"iran-pide-al-consejo-de-seguridad-que-afronte-crimenes-israelies-contra-los-palestinos","status":"publish","type":"post","link":"https:\/\/archive.sana.sy\/es\/?p=268872","title":{"rendered":"Ir\u00e1n pide al Consejo de Seguridad que afronte cr\u00edmenes israel\u00edes contra los palestinos"},"content":{"rendered":"<p style=\"text-align: justify;\"><span style=\"color: #800000;\"><strong>Nueva York, 07 ene (SANA)\u00a0<\/strong> <\/span>El representante permanente de Ir\u00e1n ante las Naciones Unidas, Amir Saeed Irwani, pidi\u00f3 al Consejo de Seguridad de la ONU (CS) que afronte los cr\u00edmenes de &#8220;Israel&#8221; en los territorios palestinos ocupados y en toda la regi\u00f3n.<\/p>\n<p style=\"text-align: justify;\">El delegado iran\u00ed, mediante una carta enviada \u00a0al presidente del Consejo de Seguridad, advirti\u00f3 que el ocupante israel\u00ed continuar\u00e1 con sus cr\u00edmenes en la Palestina ocupada y la regi\u00f3n, y sus violaciones de las leyes internacionales en caso de que la comunidad internacional siga guardando silencio ante tales pr\u00e1cticas criminales.<\/p>\n<p style=\"text-align: justify;\">Asimismo, inst\u00f3 al (CS) y a las organizaciones internacionales a condenar estos cr\u00edmenes, especialmente lo relacionado con el derramamiento de sangre del pueblo palestino, y la violaci\u00f3n de las santidades religiosas.<\/p>\n<p style=\"text-align: justify;\">Adem\u00e1s, el diplom\u00e1tico iran\u00ed enfatiz\u00f3 la necesidad de obligar a \u201cIsrael\u201d a acatar las leyes internacionales, incluidas las Resoluciones de las Naciones Unidas.<\/p>\n<p style=\"text-align: justify;\">sm<\/p>\n","protected":false},"excerpt":{"rendered":"<p>Nueva York, 07 ene (SANA)\u00a0 El representante permanente de Ir\u00e1n ante las Naciones Unidas, Amir Saeed Irwani, pidi\u00f3 al Consejo de Seguridad de la ONU (CS) que afronte los cr\u00edmenes de &#8220;Israel&#8221; en los territorios palestinos ocupados y en toda la regi\u00f3n. El delegado iran\u00ed, mediante una carta enviada \u00a0al presidente del Consejo de Seguridad, &hellip;<\/p>\n","protected":false},"author":39,"featured_media":268873,"comment_status":"closed","ping_status":"closed","sticky":false,"template":"","format":"standard","meta":{"footnotes":""},"categories":[597,456,20724,7541],"tags":[],"class_list":["post-268872","post","type-post","status-publish","format-standard","has-post-thumbnail","","category-cinta-de-noticias","category-arabe-internacional-politica","category-minuto-a-minuto","category-ultimas-noticias"],"_links":{"self":[{"href":"https:\/\/archive.sana.sy\/es\/index.php?rest_route=\/wp\/v2\/posts\/268872"}],"collection":[{"href":"https:\/\/archive.sana.sy\/es\/index.php?rest_route=\/wp\/v2\/posts"}],"about":[{"href":"https:\/\/archive.sana.sy\/es\/index.php?rest_route=\/wp\/v2\/types\/post"}],"author":[{"embeddable":true,"href":"https:\/\/archive.sana.sy\/es\/index.php?rest_route=\/wp\/v2\/users\/39"}],"replies":[{"embeddable":true,"href":"https:\/\/archive.sana.sy\/es\/index.php?rest_route=%2Fwp%2Fv2%2Fcomments&post=268872"}],"version-history":[{"count":0,"href":"https:\/\/archive.sana.sy\/es\/index.php?rest_route=\/wp\/v2\/posts\/268872\/revisions"}],"wp:featuredmedia":[{"embeddable":true,"href":"https:\/\/archive.sana.sy\/es\/index.php?rest_route=\/wp\/v2\/media\/268873"}],"wp:attachment":[{"href":"https:\/\/archive.sana.sy\/es\/index.php?rest_route=%2Fwp%2Fv2%2Fmedia&parent=268872"}],"wp:term":[{"taxonomy":"category","embeddable":true,"href":"https:\/\/archive.sana.sy\/es\/index.php?rest_route=%2Fwp%2Fv2%2Fcategories&post=268872"},{"taxonomy":"post_tag","embeddable":true,"href":"https:\/\/archive.sana.sy\/es\/index.php?rest_route=%2Fwp%2Fv2%2Ftags&post=268872"}],"curies":[{"name":"wp","href":"https:\/\/api.w.org\/{rel}","templated":true}]}}