{"id":268894,"date":"2023-01-07T18:10:08","date_gmt":"2023-01-07T16:10:08","guid":{"rendered":"http:\/\/107.6.182.27\/es\/?p=268894"},"modified":"2023-01-07T18:14:21","modified_gmt":"2023-01-07T16:14:21","slug":"finalizan-obras-de-interconexion-electrica-entre-localidades-liberadas-del-terrorismo-en-provincia-de-idlib","status":"publish","type":"post","link":"https:\/\/archive.sana.sy\/es\/?p=268894","title":{"rendered":"Finalizan obras de interconexi\u00f3n el\u00e9ctrica entre localidades liberadas del terrorismo en provincia de Idlib"},"content":{"rendered":"<p style=\"text-align: justify;\"><span style=\"color: #800000;\"><strong>Idlib, 07 ene (SANA)<\/strong> <\/span>El personal de la Empresa Estatal de Electricidad de la provincia de Idlib complet\u00f3 las obras de interconexi\u00f3n el\u00e9ctrica, entre las ciudades liberadas de Maarat al-Numan y Khan Sheikhun, en la mencionada provincia.<\/p>\n<p><img loading=\"lazy\" decoding=\"async\" class=\"size-medium wp-image-268896 alignleft\" src=\"http:\/\/107.6.182.27\/es\/wp-content\/uploads\/2023\/01\/7-12-300x177.jpg\" alt=\"\" width=\"300\" height=\"177\" srcset=\"https:\/\/archive.sana.sy\/es\/wp-content\/uploads\/2023\/01\/7-12-300x177.jpg 300w, https:\/\/archive.sana.sy\/es\/wp-content\/uploads\/2023\/01\/7-12-150x89.jpg 150w, https:\/\/archive.sana.sy\/es\/wp-content\/uploads\/2023\/01\/7-12.jpg 660w\" sizes=\"(max-width: 300px) 100vw, 300px\" \/><\/p>\n<p style=\"text-align: justify;\">El director general de la Empresa, Mamdouh Abdo, precis\u00f3 en declaraciones a SANA que los trabajos de interconexi\u00f3n el\u00e9ctrica incluyeron levantar torres y extender cables de media tensi\u00f3n a lo largo de 28 km, as\u00ed como instalar dos transformadores de baja tensi\u00f3n, para alimentar viviendas y establecimientos comerciales.<\/p>\n<p style=\"text-align: justify;\">Se\u00f1al\u00f3 que se espera que todas las obras se completen antes de mediados de este mes, a un costo de alrededor de 3 mil millones de libras sirias.<\/p>\n<p style=\"text-align: justify;\">sm<\/p>\n","protected":false},"excerpt":{"rendered":"<p>Idlib, 07 ene (SANA) El personal de la Empresa Estatal de Electricidad de la provincia de Idlib complet\u00f3 las obras de interconexi\u00f3n el\u00e9ctrica, entre las ciudades liberadas de Maarat al-Numan y Khan Sheikhun, en la mencionada provincia. El director general de la Empresa, Mamdouh Abdo, precis\u00f3 en declaraciones a SANA que los trabajos de interconexi\u00f3n &hellip;<\/p>\n","protected":false},"author":39,"featured_media":268895,"comment_status":"closed","ping_status":"closed","sticky":false,"template":"","format":"standard","meta":{"footnotes":""},"categories":[477,597,20724,476,7541],"tags":[],"class_list":["post-268894","post","type-post","status-publish","format-standard","has-post-thumbnail","","category-noticias-edulcorantes","category-cinta-de-noticias","category-minuto-a-minuto","category-locales","category-ultimas-noticias"],"_links":{"self":[{"href":"https:\/\/archive.sana.sy\/es\/index.php?rest_route=\/wp\/v2\/posts\/268894"}],"collection":[{"href":"https:\/\/archive.sana.sy\/es\/index.php?rest_route=\/wp\/v2\/posts"}],"about":[{"href":"https:\/\/archive.sana.sy\/es\/index.php?rest_route=\/wp\/v2\/types\/post"}],"author":[{"embeddable":true,"href":"https:\/\/archive.sana.sy\/es\/index.php?rest_route=\/wp\/v2\/users\/39"}],"replies":[{"embeddable":true,"href":"https:\/\/archive.sana.sy\/es\/index.php?rest_route=%2Fwp%2Fv2%2Fcomments&post=268894"}],"version-history":[{"count":0,"href":"https:\/\/archive.sana.sy\/es\/index.php?rest_route=\/wp\/v2\/posts\/268894\/revisions"}],"wp:featuredmedia":[{"embeddable":true,"href":"https:\/\/archive.sana.sy\/es\/index.php?rest_route=\/wp\/v2\/media\/268895"}],"wp:attachment":[{"href":"https:\/\/archive.sana.sy\/es\/index.php?rest_route=%2Fwp%2Fv2%2Fmedia&parent=268894"}],"wp:term":[{"taxonomy":"category","embeddable":true,"href":"https:\/\/archive.sana.sy\/es\/index.php?rest_route=%2Fwp%2Fv2%2Fcategories&post=268894"},{"taxonomy":"post_tag","embeddable":true,"href":"https:\/\/archive.sana.sy\/es\/index.php?rest_route=%2Fwp%2Fv2%2Ftags&post=268894"}],"curies":[{"name":"wp","href":"https:\/\/api.w.org\/{rel}","templated":true}]}}