{"id":268922,"date":"2023-01-07T13:20:29","date_gmt":"2023-01-07T11:20:29","guid":{"rendered":"http:\/\/107.6.182.27\/es\/?p=268922"},"modified":"2023-01-10T15:47:56","modified_gmt":"2023-01-10T13:47:56","slug":"colonos-israelies-arrancan-decenas-de-olivos-cerca-de-qalqilya","status":"publish","type":"post","link":"https:\/\/archive.sana.sy\/es\/?p=268922","title":{"rendered":"Colonos israel\u00edes arrancan decenas de olivos cerca de Qalqilya"},"content":{"rendered":"<p style=\"text-align: justify;\"><span style=\"color: #800000;\"><strong>Jerusal\u00e9n ocupada, 07 ene (SANA)<\/strong> <\/span>Colonos israel\u00edes atacaron este s\u00e1bado tierras agr\u00edcolas palestinas cerca de la ciudad de Qalqilya en Cisjordania y arrancaron decenas de \u00e1rboles frutales.<\/p>\n<p style=\"text-align: justify;\">La agencia palestina Wafa declar\u00f3 que los colonos, bajo la protecci\u00f3n de las fuerzas del ocupante israel\u00ed, asaltaron el pueblo de Amatin, al este de la mencionada ciudad, y arrancaron unos 40 olivos.<\/p>\n<p style=\"text-align: justify;\">Anteayer, colonos israel\u00edes atacaron a agricultores palestinos en la ciudad de Al-Khader, al sur de Bel\u00e9n en Cisjordania, y les impidieron llegar a sus tierras.<\/p>\n<p style=\"text-align: justify;\">sm<\/p>\n","protected":false},"excerpt":{"rendered":"<p>Jerusal\u00e9n ocupada, 07 ene (SANA) Colonos israel\u00edes atacaron este s\u00e1bado tierras agr\u00edcolas palestinas cerca de la ciudad de Qalqilya en Cisjordania y arrancaron decenas de \u00e1rboles frutales. La agencia palestina Wafa declar\u00f3 que los colonos, bajo la protecci\u00f3n de las fuerzas del ocupante israel\u00ed, asaltaron el pueblo de Amatin, al este de la mencionada ciudad, &hellip;<\/p>\n","protected":false},"author":39,"featured_media":268923,"comment_status":"closed","ping_status":"closed","sticky":false,"template":"","format":"standard","meta":{"footnotes":""},"categories":[597,456,20724],"tags":[21727,20031,21728,21644],"class_list":["post-268922","post","type-post","status-publish","format-standard","has-post-thumbnail","","category-cinta-de-noticias","category-arabe-internacional-politica","category-minuto-a-minuto","tag-arrancan","tag-colonos-israelies","tag-olivos","tag-qalqilya"],"_links":{"self":[{"href":"https:\/\/archive.sana.sy\/es\/index.php?rest_route=\/wp\/v2\/posts\/268922"}],"collection":[{"href":"https:\/\/archive.sana.sy\/es\/index.php?rest_route=\/wp\/v2\/posts"}],"about":[{"href":"https:\/\/archive.sana.sy\/es\/index.php?rest_route=\/wp\/v2\/types\/post"}],"author":[{"embeddable":true,"href":"https:\/\/archive.sana.sy\/es\/index.php?rest_route=\/wp\/v2\/users\/39"}],"replies":[{"embeddable":true,"href":"https:\/\/archive.sana.sy\/es\/index.php?rest_route=%2Fwp%2Fv2%2Fcomments&post=268922"}],"version-history":[{"count":0,"href":"https:\/\/archive.sana.sy\/es\/index.php?rest_route=\/wp\/v2\/posts\/268922\/revisions"}],"wp:featuredmedia":[{"embeddable":true,"href":"https:\/\/archive.sana.sy\/es\/index.php?rest_route=\/wp\/v2\/media\/268923"}],"wp:attachment":[{"href":"https:\/\/archive.sana.sy\/es\/index.php?rest_route=%2Fwp%2Fv2%2Fmedia&parent=268922"}],"wp:term":[{"taxonomy":"category","embeddable":true,"href":"https:\/\/archive.sana.sy\/es\/index.php?rest_route=%2Fwp%2Fv2%2Fcategories&post=268922"},{"taxonomy":"post_tag","embeddable":true,"href":"https:\/\/archive.sana.sy\/es\/index.php?rest_route=%2Fwp%2Fv2%2Ftags&post=268922"}],"curies":[{"name":"wp","href":"https:\/\/api.w.org\/{rel}","templated":true}]}}