{"id":268925,"date":"2023-01-07T13:23:10","date_gmt":"2023-01-07T11:23:10","guid":{"rendered":"http:\/\/107.6.182.27\/es\/?p=268925"},"modified":"2023-01-10T15:47:56","modified_gmt":"2023-01-10T13:47:56","slug":"una-mujer-resulto-herida-por-bombardeo-de-las-fuerzas-del-regimen-ucraniano-contra-horlivka-en-donetsk","status":"publish","type":"post","link":"https:\/\/archive.sana.sy\/es\/?p=268925","title":{"rendered":"Una mujer result\u00f3 herida por bombardeo de las fuerzas del r\u00e9gimen ucraniano contra Horlivka en Donetsk"},"content":{"rendered":"<p style=\"text-align: justify;\"><span style=\"color: #800000;\"><strong>Mosc\u00fa, 07 ene (SANA)<\/strong><\/span>\u00a0 Una mujer result\u00f3 herida hoy por un bombardeo del r\u00e9gimen ucraniano a la ciudad de Horlivka en Donetsk.<\/p>\n<p style=\"text-align: justify;\">Sputnik cit\u00f3 al alcalde de la ciudad, Ivan Prikhodko, diciendo en su cuenta de Telegram, que &#8220;como resultado del bombardeo de los militares ucranianos contra el \u00e1rea residencial de Horlivka, una mujer civil result\u00f3 herida&#8221;.<\/p>\n<p style=\"text-align: justify;\">A su vez, la misi\u00f3n de la Rep\u00fablica Popular de Donetsk en el Centro Conjunto para el Monitoreo y la Coordinaci\u00f3n de Casos Relacionados con los Cr\u00edmenes de Guerra de Ucrania inform\u00f3 que \u201clas fuerzas ucranianas bombardearon Horlivka dos veces con proyectiles de artiller\u00eda de 155 mm y bombardearon dos \u00e1reas en la ciudad de Donetsk, y contra el pueblo de Holmivsky en el municipio de Horlivka\u201d.<\/p>\n<p style=\"text-align: justify;\">fm\/sm<\/p>\n","protected":false},"excerpt":{"rendered":"<p>Mosc\u00fa, 07 ene (SANA)\u00a0 Una mujer result\u00f3 herida hoy por un bombardeo del r\u00e9gimen ucraniano a la ciudad de Horlivka en Donetsk. Sputnik cit\u00f3 al alcalde de la ciudad, Ivan Prikhodko, diciendo en su cuenta de Telegram, que &#8220;como resultado del bombardeo de los militares ucranianos contra el \u00e1rea residencial de Horlivka, una mujer civil &hellip;<\/p>\n","protected":false},"author":39,"featured_media":268926,"comment_status":"closed","ping_status":"closed","sticky":false,"template":"","format":"standard","meta":{"footnotes":""},"categories":[597,456,20724,7541],"tags":[],"class_list":["post-268925","post","type-post","status-publish","format-standard","has-post-thumbnail","","category-cinta-de-noticias","category-arabe-internacional-politica","category-minuto-a-minuto","category-ultimas-noticias"],"_links":{"self":[{"href":"https:\/\/archive.sana.sy\/es\/index.php?rest_route=\/wp\/v2\/posts\/268925"}],"collection":[{"href":"https:\/\/archive.sana.sy\/es\/index.php?rest_route=\/wp\/v2\/posts"}],"about":[{"href":"https:\/\/archive.sana.sy\/es\/index.php?rest_route=\/wp\/v2\/types\/post"}],"author":[{"embeddable":true,"href":"https:\/\/archive.sana.sy\/es\/index.php?rest_route=\/wp\/v2\/users\/39"}],"replies":[{"embeddable":true,"href":"https:\/\/archive.sana.sy\/es\/index.php?rest_route=%2Fwp%2Fv2%2Fcomments&post=268925"}],"version-history":[{"count":0,"href":"https:\/\/archive.sana.sy\/es\/index.php?rest_route=\/wp\/v2\/posts\/268925\/revisions"}],"wp:featuredmedia":[{"embeddable":true,"href":"https:\/\/archive.sana.sy\/es\/index.php?rest_route=\/wp\/v2\/media\/268926"}],"wp:attachment":[{"href":"https:\/\/archive.sana.sy\/es\/index.php?rest_route=%2Fwp%2Fv2%2Fmedia&parent=268925"}],"wp:term":[{"taxonomy":"category","embeddable":true,"href":"https:\/\/archive.sana.sy\/es\/index.php?rest_route=%2Fwp%2Fv2%2Fcategories&post=268925"},{"taxonomy":"post_tag","embeddable":true,"href":"https:\/\/archive.sana.sy\/es\/index.php?rest_route=%2Fwp%2Fv2%2Ftags&post=268925"}],"curies":[{"name":"wp","href":"https:\/\/api.w.org\/{rel}","templated":true}]}}