{"id":26898,"date":"2015-07-19T14:44:58","date_gmt":"2015-07-19T11:44:58","guid":{"rendered":"http:\/\/sana.sy\/es\/?p=26898"},"modified":"2015-07-19T16:41:45","modified_gmt":"2015-07-19T13:41:45","slug":"una-delegacion-de-hijos-e-hijas-de-martires-de-visita-a-rusia-organiza-un-dia-sirio-en-la-peninsula-de-crimea","status":"publish","type":"post","link":"https:\/\/archive.sana.sy\/es\/?p=26898","title":{"rendered":"Una delegaci\u00f3n de hijos e hijas de m\u00e1rtires de visita a Rusia organiza un \u201cD\u00eda Sirio\u201d en la pen\u00ednsula de Crimea"},"content":{"rendered":"<p><span style=\"color: #800000\">Mosc\u00fa, SANA<\/span><\/p>\n<p>Una delegaci\u00f3n de hijos e hijas de m\u00e1rtires junto a sus pares de Rusia, Osetia del Sur y la regi\u00f3n del Donbass organizaron un \u201cD\u00eda Sirio\u201d en un campamento de juventudes situado en las playas del Mar Negro en la pen\u00ednsula de Crimea.<\/p>\n<p>Los miembros de la delegaci\u00f3n que visita a Rusia invitada por la organizaci\u00f3n \u201cHermanos de Armas\u201d cantaron canciones durante la actividad y danzaron dabke y otros bailes folkl\u00f3ricos sirios.<\/p>\n<p>Los hijos e hijas de m\u00e1rtires participantes en el campamento aprenden palabras y frases en ruso, as\u00ed como participan en competiciones deportivas y encuentros con personalidades pol\u00edticas y militares rusas; los mismos realizaron una visita a la ciudad de Sebastopol, capital administrativa de la Pen\u00ednsula de Crimea situada al suroeste de la Federaci\u00f3n de Rusia.<\/p>\n<div id='gallery-1' class='gallery galleryid-26898 gallery-columns-3 gallery-size-thumbnail'><figure class='gallery-item'>\n\t\t\t<div class='gallery-icon landscape'>\n\t\t\t\t<a href='https:\/\/archive.sana.sy\/es\/wp-content\/uploads\/2015\/07\/hijos-de-martires-en-Rusia-4.jpg'><img loading=\"lazy\" decoding=\"async\" width=\"150\" height=\"100\" src=\"https:\/\/archive.sana.sy\/es\/wp-content\/uploads\/2015\/07\/hijos-de-martires-en-Rusia-4-150x100.jpg\" class=\"attachment-thumbnail size-thumbnail\" alt=\"\" aria-describedby=\"gallery-1-26911\" srcset=\"https:\/\/archive.sana.sy\/es\/wp-content\/uploads\/2015\/07\/hijos-de-martires-en-Rusia-4-150x100.jpg 150w, https:\/\/archive.sana.sy\/es\/wp-content\/uploads\/2015\/07\/hijos-de-martires-en-Rusia-4-300x200.jpg 300w, https:\/\/archive.sana.sy\/es\/wp-content\/uploads\/2015\/07\/hijos-de-martires-en-Rusia-4.jpg 800w\" sizes=\"(max-width: 150px) 100vw, 150px\" \/><\/a>\n\t\t\t<\/div>\n\t\t\t\t<figcaption class='wp-caption-text gallery-caption' id='gallery-1-26911'>\n\t\t\t\tSONY DSC\n\t\t\t\t<\/figcaption><\/figure><figure class='gallery-item'>\n\t\t\t<div class='gallery-icon landscape'>\n\t\t\t\t<a href='https:\/\/archive.sana.sy\/es\/wp-content\/uploads\/2015\/07\/hijos-de-martires-en-Rusia-3.jpg'><img loading=\"lazy\" decoding=\"async\" width=\"150\" height=\"97\" src=\"https:\/\/archive.sana.sy\/es\/wp-content\/uploads\/2015\/07\/hijos-de-martires-en-Rusia-3-150x97.jpg\" class=\"attachment-thumbnail size-thumbnail\" alt=\"\" aria-describedby=\"gallery-1-26912\" srcset=\"https:\/\/archive.sana.sy\/es\/wp-content\/uploads\/2015\/07\/hijos-de-martires-en-Rusia-3-150x97.jpg 150w, https:\/\/archive.sana.sy\/es\/wp-content\/uploads\/2015\/07\/hijos-de-martires-en-Rusia-3-300x194.jpg 300w, https:\/\/archive.sana.sy\/es\/wp-content\/uploads\/2015\/07\/hijos-de-martires-en-Rusia-3.jpg 800w\" sizes=\"(max-width: 150px) 100vw, 150px\" \/><\/a>\n\t\t\t<\/div>\n\t\t\t\t<figcaption class='wp-caption-text gallery-caption' id='gallery-1-26912'>\n\t\t\t\tSONY DSC\n\t\t\t\t<\/figcaption><\/figure><figure class='gallery-item'>\n\t\t\t<div class='gallery-icon portrait'>\n\t\t\t\t<a href='https:\/\/archive.sana.sy\/es\/wp-content\/uploads\/2015\/07\/hijos-de-martires-en-Rusia-2.jpg'><img loading=\"lazy\" decoding=\"async\" width=\"100\" height=\"150\" src=\"https:\/\/archive.sana.sy\/es\/wp-content\/uploads\/2015\/07\/hijos-de-martires-en-Rusia-2-100x150.jpg\" class=\"attachment-thumbnail size-thumbnail\" alt=\"\" aria-describedby=\"gallery-1-26913\" srcset=\"https:\/\/archive.sana.sy\/es\/wp-content\/uploads\/2015\/07\/hijos-de-martires-en-Rusia-2-100x150.jpg 100w, https:\/\/archive.sana.sy\/es\/wp-content\/uploads\/2015\/07\/hijos-de-martires-en-Rusia-2-200x300.jpg 200w, https:\/\/archive.sana.sy\/es\/wp-content\/uploads\/2015\/07\/hijos-de-martires-en-Rusia-2.jpg 533w\" sizes=\"(max-width: 100px) 100vw, 100px\" \/><\/a>\n\t\t\t<\/div>\n\t\t\t\t<figcaption class='wp-caption-text gallery-caption' id='gallery-1-26913'>\n\t\t\t\tSONY DSC\n\t\t\t\t<\/figcaption><\/figure>\n\t\t<\/div>\n\n<p>&nbsp;<\/p>\n<p>Riyad Sh., Lynn A.<\/p>\n","protected":false},"excerpt":{"rendered":"<p>Mosc\u00fa, SANA Una delegaci\u00f3n de hijos e hijas de m\u00e1rtires junto a sus pares de Rusia, Osetia del Sur y la regi\u00f3n del Donbass organizaron un \u201cD\u00eda Sirio\u201d en un campamento de juventudes situado en las playas del Mar Negro en la pen\u00ednsula de Crimea. Los miembros de la delegaci\u00f3n que visita a Rusia invitada &hellip;<\/p>\n","protected":false},"author":24,"featured_media":26899,"comment_status":"closed","ping_status":"closed","sticky":false,"template":"","format":"standard","meta":{"footnotes":""},"categories":[1],"tags":[6041],"class_list":["post-26898","post","type-post","status-publish","format-standard","has-post-thumbnail","","category-news-not-sorted","tag-una-delegacion-de-hijos-e-hijas-de-martires-de-visita-a-rusia-organiza-un-dia-sirio-en-la-peninsula-de-crimea"],"_links":{"self":[{"href":"https:\/\/archive.sana.sy\/es\/index.php?rest_route=\/wp\/v2\/posts\/26898"}],"collection":[{"href":"https:\/\/archive.sana.sy\/es\/index.php?rest_route=\/wp\/v2\/posts"}],"about":[{"href":"https:\/\/archive.sana.sy\/es\/index.php?rest_route=\/wp\/v2\/types\/post"}],"author":[{"embeddable":true,"href":"https:\/\/archive.sana.sy\/es\/index.php?rest_route=\/wp\/v2\/users\/24"}],"replies":[{"embeddable":true,"href":"https:\/\/archive.sana.sy\/es\/index.php?rest_route=%2Fwp%2Fv2%2Fcomments&post=26898"}],"version-history":[{"count":0,"href":"https:\/\/archive.sana.sy\/es\/index.php?rest_route=\/wp\/v2\/posts\/26898\/revisions"}],"wp:featuredmedia":[{"embeddable":true,"href":"https:\/\/archive.sana.sy\/es\/index.php?rest_route=\/wp\/v2\/media\/26899"}],"wp:attachment":[{"href":"https:\/\/archive.sana.sy\/es\/index.php?rest_route=%2Fwp%2Fv2%2Fmedia&parent=26898"}],"wp:term":[{"taxonomy":"category","embeddable":true,"href":"https:\/\/archive.sana.sy\/es\/index.php?rest_route=%2Fwp%2Fv2%2Fcategories&post=26898"},{"taxonomy":"post_tag","embeddable":true,"href":"https:\/\/archive.sana.sy\/es\/index.php?rest_route=%2Fwp%2Fv2%2Ftags&post=26898"}],"curies":[{"name":"wp","href":"https:\/\/api.w.org\/{rel}","templated":true}]}}