{"id":268984,"date":"2023-01-07T18:05:32","date_gmt":"2023-01-07T16:05:32","guid":{"rendered":"http:\/\/107.6.182.27\/es\/?p=268984"},"modified":"2023-01-10T15:47:55","modified_gmt":"2023-01-10T13:47:55","slug":"estados-unidos-presiona-a-italia-para-que-envie-mas-armas-a-ucrania","status":"publish","type":"post","link":"https:\/\/archive.sana.sy\/es\/?p=268984","title":{"rendered":"Estados Unidos presiona a Italia para que env\u00ede m\u00e1s armas a Ucrania"},"content":{"rendered":"<p style=\"text-align: justify;\"><span style=\"color: #800000;\"><strong>Roma, 7 ene (SANA)\u00a0<\/strong><\/span> \u00a0Italia enfrenta la presi\u00f3n de Estados Unidos para que reanude el env\u00edo de armas a Ucrania, incluidos sistemas antimisiles.<\/p>\n<p style=\"text-align: justify;\">Un an\u00e1lisis divulgado por el diario La Repubblica hace referencia a una reciente llamada del asesor de seguridad nacional norteamericano, Jake Sullivan, al diplom\u00e1tico italiano Francesco Tal\u00f3, quien como asistente de la primera ministra Giorgia Meloni tiene entre sus responsabilidades la atenci\u00f3n al actual conflicto entre Kiev y Mosc\u00fa.<\/p>\n<p style=\"text-align: justify;\">De acuerdo con esa publicaci\u00f3n que fue citada por Prensa Latina, la administraci\u00f3n estadounidense demanda que Roma agilice la aprobaci\u00f3n por su Parlamento de un sexto decreto para reanudar el suministro b\u00e9lico al ej\u00e9rcito ucraniano, e incluya en el pr\u00f3ximo paquete de armas los sistemas antimisiles tierra aire de mediano alcance Samp-T.<\/p>\n<p style=\"text-align: justify;\">Los artefactos, desarrollados por el consorcio militar franco-italiano Eurosam, disponen de lanzadores con capacidad para entre ocho y 48 misiles Aster 30, los cuales pueden destruir medios a\u00e9reos a una distancia de 100 kil\u00f3metros.<\/p>\n<p style=\"text-align: justify;\">El pasado jueves el ministro de Defensa de Italia, Guido Crosetto, neg\u00f3 el suministro de minas terrestres a Kiev por su pa\u00eds, como parte de las armas que peri\u00f3dicamente env\u00edan a esa naci\u00f3n.<\/p>\n<p style=\"text-align: justify;\">fm\/rr<\/p>\n","protected":false},"excerpt":{"rendered":"<p>Roma, 7 ene (SANA)\u00a0 \u00a0Italia enfrenta la presi\u00f3n de Estados Unidos para que reanude el env\u00edo de armas a Ucrania, incluidos sistemas antimisiles. Un an\u00e1lisis divulgado por el diario La Repubblica hace referencia a una reciente llamada del asesor de seguridad nacional norteamericano, Jake Sullivan, al diplom\u00e1tico italiano Francesco Tal\u00f3, quien como asistente de la &hellip;<\/p>\n","protected":false},"author":31,"featured_media":268985,"comment_status":"closed","ping_status":"closed","sticky":false,"template":"","format":"standard","meta":{"footnotes":""},"categories":[597,456,7541],"tags":[],"class_list":["post-268984","post","type-post","status-publish","format-standard","has-post-thumbnail","","category-cinta-de-noticias","category-arabe-internacional-politica","category-ultimas-noticias"],"_links":{"self":[{"href":"https:\/\/archive.sana.sy\/es\/index.php?rest_route=\/wp\/v2\/posts\/268984"}],"collection":[{"href":"https:\/\/archive.sana.sy\/es\/index.php?rest_route=\/wp\/v2\/posts"}],"about":[{"href":"https:\/\/archive.sana.sy\/es\/index.php?rest_route=\/wp\/v2\/types\/post"}],"author":[{"embeddable":true,"href":"https:\/\/archive.sana.sy\/es\/index.php?rest_route=\/wp\/v2\/users\/31"}],"replies":[{"embeddable":true,"href":"https:\/\/archive.sana.sy\/es\/index.php?rest_route=%2Fwp%2Fv2%2Fcomments&post=268984"}],"version-history":[{"count":0,"href":"https:\/\/archive.sana.sy\/es\/index.php?rest_route=\/wp\/v2\/posts\/268984\/revisions"}],"wp:featuredmedia":[{"embeddable":true,"href":"https:\/\/archive.sana.sy\/es\/index.php?rest_route=\/wp\/v2\/media\/268985"}],"wp:attachment":[{"href":"https:\/\/archive.sana.sy\/es\/index.php?rest_route=%2Fwp%2Fv2%2Fmedia&parent=268984"}],"wp:term":[{"taxonomy":"category","embeddable":true,"href":"https:\/\/archive.sana.sy\/es\/index.php?rest_route=%2Fwp%2Fv2%2Fcategories&post=268984"},{"taxonomy":"post_tag","embeddable":true,"href":"https:\/\/archive.sana.sy\/es\/index.php?rest_route=%2Fwp%2Fv2%2Ftags&post=268984"}],"curies":[{"name":"wp","href":"https:\/\/api.w.org\/{rel}","templated":true}]}}