{"id":268988,"date":"2023-01-07T19:56:52","date_gmt":"2023-01-07T17:56:52","guid":{"rendered":"http:\/\/107.6.182.27\/es\/?p=268988"},"modified":"2023-01-07T19:56:52","modified_gmt":"2023-01-07T17:56:52","slug":"el-asedio-impuesto-a-siria-es-un-crimen-de-guerra-afirma-el-comite-popular-arabe-internacional","status":"publish","type":"post","link":"https:\/\/archive.sana.sy\/es\/?p=268988","title":{"rendered":"El asedio impuesto a Siria es un crimen de guerra, afirma el Comit\u00e9 Popular \u00c1rabe Internacional"},"content":{"rendered":"<p style=\"text-align: justify;\"><span style=\"color: #800000;\"><strong>Beirut, 07 ene (SANA)\u00a0<\/strong><\/span> \u00a0\u201cLevantar el bloqueo es una batalla \u00e1rabe e internacional que contin\u00faa con una amplia participaci\u00f3n de los sectores populares, partidistas, pol\u00edticos y culturales, as\u00ed lo afirm\u00f3 el Comit\u00e9 Popular \u00c1rabe e Internacional de Condena al Bloqueo Impuesto a Siria.<\/p>\n<p style=\"text-align: justify;\">En una declaraci\u00f3n, el Comit\u00e9 manifest\u00f3 que \u201cel sufrimiento del pueblo sirio como resultado de este asedio es un crimen de guerra y de lesa humanidad y tiene que detenerse de inmediato\u201d.<\/p>\n<p style=\"text-align: justify;\">Subray\u00f3 la necesidad de negarse a utilizar este sufrimiento al servicio de las metas pol\u00edticas de Washington y de la entidad sionista.<\/p>\n<p style=\"text-align: justify;\">rr\/fm<\/p>\n","protected":false},"excerpt":{"rendered":"<p>Beirut, 07 ene (SANA)\u00a0 \u00a0\u201cLevantar el bloqueo es una batalla \u00e1rabe e internacional que contin\u00faa con una amplia participaci\u00f3n de los sectores populares, partidistas, pol\u00edticos y culturales, as\u00ed lo afirm\u00f3 el Comit\u00e9 Popular \u00c1rabe e Internacional de Condena al Bloqueo Impuesto a Siria. En una declaraci\u00f3n, el Comit\u00e9 manifest\u00f3 que \u201cel sufrimiento del pueblo sirio &hellip;<\/p>\n","protected":false},"author":31,"featured_media":268989,"comment_status":"closed","ping_status":"closed","sticky":false,"template":"","format":"standard","meta":{"footnotes":""},"categories":[597,467,7541],"tags":[],"class_list":["post-268988","post","type-post","status-publish","format-standard","has-post-thumbnail","","category-cinta-de-noticias","category-siria-y-el-mundo","category-ultimas-noticias"],"_links":{"self":[{"href":"https:\/\/archive.sana.sy\/es\/index.php?rest_route=\/wp\/v2\/posts\/268988"}],"collection":[{"href":"https:\/\/archive.sana.sy\/es\/index.php?rest_route=\/wp\/v2\/posts"}],"about":[{"href":"https:\/\/archive.sana.sy\/es\/index.php?rest_route=\/wp\/v2\/types\/post"}],"author":[{"embeddable":true,"href":"https:\/\/archive.sana.sy\/es\/index.php?rest_route=\/wp\/v2\/users\/31"}],"replies":[{"embeddable":true,"href":"https:\/\/archive.sana.sy\/es\/index.php?rest_route=%2Fwp%2Fv2%2Fcomments&post=268988"}],"version-history":[{"count":0,"href":"https:\/\/archive.sana.sy\/es\/index.php?rest_route=\/wp\/v2\/posts\/268988\/revisions"}],"wp:featuredmedia":[{"embeddable":true,"href":"https:\/\/archive.sana.sy\/es\/index.php?rest_route=\/wp\/v2\/media\/268989"}],"wp:attachment":[{"href":"https:\/\/archive.sana.sy\/es\/index.php?rest_route=%2Fwp%2Fv2%2Fmedia&parent=268988"}],"wp:term":[{"taxonomy":"category","embeddable":true,"href":"https:\/\/archive.sana.sy\/es\/index.php?rest_route=%2Fwp%2Fv2%2Fcategories&post=268988"},{"taxonomy":"post_tag","embeddable":true,"href":"https:\/\/archive.sana.sy\/es\/index.php?rest_route=%2Fwp%2Fv2%2Ftags&post=268988"}],"curies":[{"name":"wp","href":"https:\/\/api.w.org\/{rel}","templated":true}]}}