{"id":268995,"date":"2023-01-08T08:21:14","date_gmt":"2023-01-08T06:21:14","guid":{"rendered":"http:\/\/107.6.182.27\/es\/?p=268995"},"modified":"2023-01-10T15:47:54","modified_gmt":"2023-01-10T13:47:54","slug":"zajarova-la-decision-de-kiev-de-quitar-la-ciudadania-a-13-sacerdotes-ucranianos-es-un-acto-satanico","status":"publish","type":"post","link":"https:\/\/archive.sana.sy\/es\/?p=268995","title":{"rendered":"Zaj\u00e1rova: la decisi\u00f3n de Kiev de quitar la ciudadan\u00eda a 13 sacerdotes ucranianos es un acto sat\u00e1nico"},"content":{"rendered":"<p style=\"text-align: justify;\"><span style=\"color: #800000;\"><strong>Mosc\u00fa, 8 ene (SANA)\u00a0<\/strong><\/span> La portavoz del Ministerio de Relaciones Exteriores de Rusia, Mar\u00eda Zaj\u00e1rova, calific\u00f3 la decisi\u00f3n del jefe del r\u00e9gimen ucraniano, Vladimir Zelensky, de despojar de la ciudadan\u00eda a 13 sacerdotes de la Iglesia ortodoxa ucraniana como un acto sat\u00e1nico.<\/p>\n<p style=\"text-align: justify;\">&#8220;El diablo se manifiesta en su imagen&#8221;, coment\u00f3 la vocera en su canal de telegram.<\/p>\n<p style=\"text-align: justify;\">Cabe se\u00f1alar que el r\u00e9gimen de Kiev intensific\u00f3 recientemente sus medidas contra la Iglesia Ortodoxa Ucraniana, y lleva a cabo redadas en sus iglesias y parroquias en todo el pa\u00eds con diversos pretextos.<\/p>\n<p style=\"text-align: justify;\">fm\/as<\/p>\n","protected":false},"excerpt":{"rendered":"<p>Mosc\u00fa, 8 ene (SANA)\u00a0 La portavoz del Ministerio de Relaciones Exteriores de Rusia, Mar\u00eda Zaj\u00e1rova, calific\u00f3 la decisi\u00f3n del jefe del r\u00e9gimen ucraniano, Vladimir Zelensky, de despojar de la ciudadan\u00eda a 13 sacerdotes de la Iglesia ortodoxa ucraniana como un acto sat\u00e1nico. &#8220;El diablo se manifiesta en su imagen&#8221;, coment\u00f3 la vocera en su canal &hellip;<\/p>\n","protected":false},"author":42,"featured_media":268996,"comment_status":"closed","ping_status":"closed","sticky":false,"template":"","format":"standard","meta":{"footnotes":""},"categories":[597,456,20724,7541],"tags":[],"class_list":["post-268995","post","type-post","status-publish","format-standard","has-post-thumbnail","","category-cinta-de-noticias","category-arabe-internacional-politica","category-minuto-a-minuto","category-ultimas-noticias"],"_links":{"self":[{"href":"https:\/\/archive.sana.sy\/es\/index.php?rest_route=\/wp\/v2\/posts\/268995"}],"collection":[{"href":"https:\/\/archive.sana.sy\/es\/index.php?rest_route=\/wp\/v2\/posts"}],"about":[{"href":"https:\/\/archive.sana.sy\/es\/index.php?rest_route=\/wp\/v2\/types\/post"}],"author":[{"embeddable":true,"href":"https:\/\/archive.sana.sy\/es\/index.php?rest_route=\/wp\/v2\/users\/42"}],"replies":[{"embeddable":true,"href":"https:\/\/archive.sana.sy\/es\/index.php?rest_route=%2Fwp%2Fv2%2Fcomments&post=268995"}],"version-history":[{"count":0,"href":"https:\/\/archive.sana.sy\/es\/index.php?rest_route=\/wp\/v2\/posts\/268995\/revisions"}],"wp:featuredmedia":[{"embeddable":true,"href":"https:\/\/archive.sana.sy\/es\/index.php?rest_route=\/wp\/v2\/media\/268996"}],"wp:attachment":[{"href":"https:\/\/archive.sana.sy\/es\/index.php?rest_route=%2Fwp%2Fv2%2Fmedia&parent=268995"}],"wp:term":[{"taxonomy":"category","embeddable":true,"href":"https:\/\/archive.sana.sy\/es\/index.php?rest_route=%2Fwp%2Fv2%2Fcategories&post=268995"},{"taxonomy":"post_tag","embeddable":true,"href":"https:\/\/archive.sana.sy\/es\/index.php?rest_route=%2Fwp%2Fv2%2Ftags&post=268995"}],"curies":[{"name":"wp","href":"https:\/\/api.w.org\/{rel}","templated":true}]}}