{"id":26904,"date":"2015-07-19T15:46:23","date_gmt":"2015-07-19T12:46:23","guid":{"rendered":"http:\/\/sana.sy\/es\/?p=26904"},"modified":"2015-07-19T15:46:23","modified_gmt":"2015-07-19T12:46:23","slug":"lavrov-y-kerry-examinan-la-situacion-en-siria-y-las-vias-de-resolver-la-crisis-de-ucrania","status":"publish","type":"post","link":"https:\/\/archive.sana.sy\/es\/?p=26904","title":{"rendered":"Lavrov y Kerry examinan la situaci\u00f3n en Siria y las v\u00edas de resolver la crisis de Ucrania"},"content":{"rendered":"<p><span style=\"color: #800000\">Mosc\u00fa, SANA<\/span><\/p>\n<p>El canciller ruso Serguei Lavrov examin\u00f3 en una conversaci\u00f3n telef\u00f3nica con su hom\u00f3logo estadounidense John Kerry un n\u00famero de cuestiones internacionales incluyendo la situaci\u00f3n en torno a Siria y el cumplimiento de los acuerdos Minsk 2 sobre la crisis ucraniana.<\/p>\n<p>Cabe recordar que Lavrov y Kerry se reunieron a principios del mes en curso en Viena donde analizaron profundamente la situaci\u00f3n en Siria y los horizontes de un arreglo pol\u00edtico, en este contexto Lavrov subray\u00f3 la necesidad de tal soluci\u00f3n mediante una lucha conjunta contra las organizaciones terroristas que suponen una amenaza para Siria, la regi\u00f3n y el mundo.<\/p>\n<p>&nbsp;<\/p>\n<p>&nbsp;<\/p>\n<p>Riyad Sh., Lynn A.<\/p>\n","protected":false},"excerpt":{"rendered":"<p>Mosc\u00fa, SANA El canciller ruso Serguei Lavrov examin\u00f3 en una conversaci\u00f3n telef\u00f3nica con su hom\u00f3logo estadounidense John Kerry un n\u00famero de cuestiones internacionales incluyendo la situaci\u00f3n en torno a Siria y el cumplimiento de los acuerdos Minsk 2 sobre la crisis ucraniana. Cabe recordar que Lavrov y Kerry se reunieron a principios del mes en &hellip;<\/p>\n","protected":false},"author":24,"featured_media":16461,"comment_status":"closed","ping_status":"closed","sticky":false,"template":"","format":"standard","meta":{"footnotes":""},"categories":[456,457,576],"tags":[6042],"class_list":["post-26904","post","type-post","status-publish","format-standard","has-post-thumbnail","","category-arabe-internacional-politica","category-noticias-arabe-internacional-politica","category-noticias-politicas","tag-lavrov-y-kerry-examinan-la-situacion-en-siria-y-las-vias-de-resolver-la-crisis-de-ucrania"],"_links":{"self":[{"href":"https:\/\/archive.sana.sy\/es\/index.php?rest_route=\/wp\/v2\/posts\/26904"}],"collection":[{"href":"https:\/\/archive.sana.sy\/es\/index.php?rest_route=\/wp\/v2\/posts"}],"about":[{"href":"https:\/\/archive.sana.sy\/es\/index.php?rest_route=\/wp\/v2\/types\/post"}],"author":[{"embeddable":true,"href":"https:\/\/archive.sana.sy\/es\/index.php?rest_route=\/wp\/v2\/users\/24"}],"replies":[{"embeddable":true,"href":"https:\/\/archive.sana.sy\/es\/index.php?rest_route=%2Fwp%2Fv2%2Fcomments&post=26904"}],"version-history":[{"count":0,"href":"https:\/\/archive.sana.sy\/es\/index.php?rest_route=\/wp\/v2\/posts\/26904\/revisions"}],"wp:featuredmedia":[{"embeddable":true,"href":"https:\/\/archive.sana.sy\/es\/index.php?rest_route=\/wp\/v2\/media\/16461"}],"wp:attachment":[{"href":"https:\/\/archive.sana.sy\/es\/index.php?rest_route=%2Fwp%2Fv2%2Fmedia&parent=26904"}],"wp:term":[{"taxonomy":"category","embeddable":true,"href":"https:\/\/archive.sana.sy\/es\/index.php?rest_route=%2Fwp%2Fv2%2Fcategories&post=26904"},{"taxonomy":"post_tag","embeddable":true,"href":"https:\/\/archive.sana.sy\/es\/index.php?rest_route=%2Fwp%2Fv2%2Ftags&post=26904"}],"curies":[{"name":"wp","href":"https:\/\/api.w.org\/{rel}","templated":true}]}}