{"id":26907,"date":"2015-07-19T16:03:50","date_gmt":"2015-07-19T13:03:50","guid":{"rendered":"http:\/\/sana.sy\/es\/?p=26907"},"modified":"2015-07-19T16:03:50","modified_gmt":"2015-07-19T13:03:50","slug":"global-research-la-hija-de-erdogan-encabeza-cuerpos-medicos-clandestinos-que-tratan-a-los-terroristas-heridos-del-ei","status":"publish","type":"post","link":"https:\/\/archive.sana.sy\/es\/?p=26907","title":{"rendered":"Global Research: la hija de Erdo\u011fan encabeza cuerpos m\u00e9dicos clandestinos que tratan a los terroristas heridos del EI"},"content":{"rendered":"<p><span style=\"color: #800000\">Washington, SANA<\/span><\/p>\n<p>El sitio web \u201cGlobal Research\u201d revel\u00f3 que la hija del Presidente turco, S\u00fcmeyye Erdo\u011fan encabeza cuerpos m\u00e9dicos clandestinos que tratan a los terroristas heridos del Estado Isl\u00e1mico.<\/p>\n<p>El sitio cit\u00f3 a una enfermera que ha trabajado clandestinamente por varias semanas en un hospital militar en \u015eanl\u0131urfa- ciudad turca cercana a la frontera siria- divulgando informaciones sobre el papel que desempe\u00f1a S\u00fcmeyye Erdo\u011fan y sus cuerpos m\u00e9dicos en la prestaci\u00f3n de la atenci\u00f3n m\u00e9dica a los heridos del EI.<\/p>\n<p>La enfermera que prefiri\u00f3 guardar el anonimato por temor a represalias confirm\u00f3 haber visto de forma diaria a una decena de heridos del EI trasladados por camiones turcos al hospital militar de \u015eanl\u0131urfa.<\/p>\n<p>Asimismo asever\u00f3 que la hija del presidente turco estaba presente en varias ocasiones en la sede principal del susodicho hospital militar.<\/p>\n<p>El sitio web estadounidense inform\u00f3 tambi\u00e9n que la hija del presidente turco hab\u00eda anunciado su intenci\u00f3n de viajar a Mosul, feudo del Estado Isl\u00e1mico en Irak, para llevar a cabo \u201cobras de asistencia humanitaria\u201d, lo cual provoc\u00f3 la irritaci\u00f3n de los ciudadanos turcos y caus\u00f3 una ola de denuncias por parte de los partidos opositores turcos.<\/p>\n<p>El sitio critic\u00f3 que Erdo\u011fan que siempre derrama l\u00e1grimas de cocodrilo por la dif\u00edcil situaci\u00f3n humanitaria en Siria, oculta el hecho de que su propio hijo, Bilal Erdo\u011fan, est\u00e1 involucrado en negocios de contrabando de petr\u00f3leo saqueado de Irak y Siria.<\/p>\n<p>El hijo de Erdo\u011fan que es due\u00f1o de varias compa\u00f1\u00edas mar\u00edtimas, hab\u00eda firmado contratos con empresas europeas para trasladar el petr\u00f3leo robado de Siria e Irak a diferentes pa\u00edses asi\u00e1ticos.<\/p>\n<p>&nbsp;<\/p>\n<p>Lynn A.<\/p>\n","protected":false},"excerpt":{"rendered":"<p>Washington, SANA El sitio web \u201cGlobal Research\u201d revel\u00f3 que la hija del Presidente turco, S\u00fcmeyye Erdo\u011fan encabeza cuerpos m\u00e9dicos clandestinos que tratan a los terroristas heridos del Estado Isl\u00e1mico. El sitio cit\u00f3 a una enfermera que ha trabajado clandestinamente por varias semanas en un hospital militar en \u015eanl\u0131urfa- ciudad turca cercana a la frontera siria- &hellip;<\/p>\n","protected":false},"author":24,"featured_media":0,"comment_status":"closed","ping_status":"closed","sticky":false,"template":"","format":"standard","meta":{"footnotes":""},"categories":[555],"tags":[6043],"class_list":["post-26907","post","type-post","status-publish","format-standard","","category-prensa","tag-global-research-la-hija-de-erdogan-encabeza-cuerpos-medicos-clandestinos-que-tratan-a-los-terroristas-heridos-del-ei"],"_links":{"self":[{"href":"https:\/\/archive.sana.sy\/es\/index.php?rest_route=\/wp\/v2\/posts\/26907"}],"collection":[{"href":"https:\/\/archive.sana.sy\/es\/index.php?rest_route=\/wp\/v2\/posts"}],"about":[{"href":"https:\/\/archive.sana.sy\/es\/index.php?rest_route=\/wp\/v2\/types\/post"}],"author":[{"embeddable":true,"href":"https:\/\/archive.sana.sy\/es\/index.php?rest_route=\/wp\/v2\/users\/24"}],"replies":[{"embeddable":true,"href":"https:\/\/archive.sana.sy\/es\/index.php?rest_route=%2Fwp%2Fv2%2Fcomments&post=26907"}],"version-history":[{"count":0,"href":"https:\/\/archive.sana.sy\/es\/index.php?rest_route=\/wp\/v2\/posts\/26907\/revisions"}],"wp:attachment":[{"href":"https:\/\/archive.sana.sy\/es\/index.php?rest_route=%2Fwp%2Fv2%2Fmedia&parent=26907"}],"wp:term":[{"taxonomy":"category","embeddable":true,"href":"https:\/\/archive.sana.sy\/es\/index.php?rest_route=%2Fwp%2Fv2%2Fcategories&post=26907"},{"taxonomy":"post_tag","embeddable":true,"href":"https:\/\/archive.sana.sy\/es\/index.php?rest_route=%2Fwp%2Fv2%2Ftags&post=26907"}],"curies":[{"name":"wp","href":"https:\/\/api.w.org\/{rel}","templated":true}]}}