{"id":269070,"date":"2023-01-08T17:31:34","date_gmt":"2023-01-08T15:31:34","guid":{"rendered":"http:\/\/107.6.182.27\/es\/?p=269070"},"modified":"2023-01-08T17:31:34","modified_gmt":"2023-01-08T15:31:34","slug":"vicecanciller-sirio-inicia-una-visita-a-iran-para-abordar-relaciones-bilaterales-y-acontecimientos-en-la-region","status":"publish","type":"post","link":"https:\/\/archive.sana.sy\/es\/?p=269070","title":{"rendered":"Vicecanciller sirio inicia una visita a Ir\u00e1n para abordar relaciones bilaterales y acontecimientos en la regi\u00f3n"},"content":{"rendered":"<p style=\"text-align: justify;\"><span style=\"color: #800000;\"><strong>Teher\u00e1n, 8 ene (SANA)\u00a0<\/strong> <\/span>\u00a0El ministro asistente de Asuntos Exteriores y Expatriados, Ayman Soussan, inici\u00f3 una visita a la capital iran\u00ed, Teher\u00e1n, durante la cual sostendr\u00e1 conversaciones con varios funcionarios iran\u00edes, para tratar las relaciones bilaterales, los \u00faltimos desarrollos en la regi\u00f3n y temas de inter\u00e9s com\u00fan.<\/p>\n<p style=\"text-align: justify;\">Soussan y la delegaci\u00f3n que lo acompa\u00f1a fueron recibidos por Shah Hosseini, jefe del segundo Departamento para Asia Occidental del Ministerio de Relaciones Exteriores de Ir\u00e1n, varios funcionarios iran\u00edes y el embajador sirio en Teher\u00e1n, Shafiq Dayoub.<\/p>\n<p style=\"text-align: justify;\">Acompa\u00f1an al viceministro Qusai Mustafa, director del Departamento de Asuntos Afroasi\u00e1ticos del Ministerio de Relaciones Exteriores y Expatriados, y el asesor en la oficina del Canciller, Ehab Hamed.<\/p>\n<p style=\"text-align: justify;\">fm\/rr<\/p>\n","protected":false},"excerpt":{"rendered":"<p>Teher\u00e1n, 8 ene (SANA)\u00a0 \u00a0El ministro asistente de Asuntos Exteriores y Expatriados, Ayman Soussan, inici\u00f3 una visita a la capital iran\u00ed, Teher\u00e1n, durante la cual sostendr\u00e1 conversaciones con varios funcionarios iran\u00edes, para tratar las relaciones bilaterales, los \u00faltimos desarrollos en la regi\u00f3n y temas de inter\u00e9s com\u00fan. Soussan y la delegaci\u00f3n que lo acompa\u00f1a fueron &hellip;<\/p>\n","protected":false},"author":31,"featured_media":269071,"comment_status":"closed","ping_status":"closed","sticky":false,"template":"","format":"standard","meta":{"footnotes":""},"categories":[597,467,583],"tags":[2866,6553,20929],"class_list":["post-269070","post","type-post","status-publish","format-standard","has-post-thumbnail","","category-cinta-de-noticias","category-siria-y-el-mundo","category-slide","tag-iran","tag-siria","tag-vicecanciller"],"_links":{"self":[{"href":"https:\/\/archive.sana.sy\/es\/index.php?rest_route=\/wp\/v2\/posts\/269070"}],"collection":[{"href":"https:\/\/archive.sana.sy\/es\/index.php?rest_route=\/wp\/v2\/posts"}],"about":[{"href":"https:\/\/archive.sana.sy\/es\/index.php?rest_route=\/wp\/v2\/types\/post"}],"author":[{"embeddable":true,"href":"https:\/\/archive.sana.sy\/es\/index.php?rest_route=\/wp\/v2\/users\/31"}],"replies":[{"embeddable":true,"href":"https:\/\/archive.sana.sy\/es\/index.php?rest_route=%2Fwp%2Fv2%2Fcomments&post=269070"}],"version-history":[{"count":0,"href":"https:\/\/archive.sana.sy\/es\/index.php?rest_route=\/wp\/v2\/posts\/269070\/revisions"}],"wp:featuredmedia":[{"embeddable":true,"href":"https:\/\/archive.sana.sy\/es\/index.php?rest_route=\/wp\/v2\/media\/269071"}],"wp:attachment":[{"href":"https:\/\/archive.sana.sy\/es\/index.php?rest_route=%2Fwp%2Fv2%2Fmedia&parent=269070"}],"wp:term":[{"taxonomy":"category","embeddable":true,"href":"https:\/\/archive.sana.sy\/es\/index.php?rest_route=%2Fwp%2Fv2%2Fcategories&post=269070"},{"taxonomy":"post_tag","embeddable":true,"href":"https:\/\/archive.sana.sy\/es\/index.php?rest_route=%2Fwp%2Fv2%2Ftags&post=269070"}],"curies":[{"name":"wp","href":"https:\/\/api.w.org\/{rel}","templated":true}]}}