{"id":269098,"date":"2023-01-08T20:18:23","date_gmt":"2023-01-08T18:18:23","guid":{"rendered":"http:\/\/107.6.182.27\/es\/?p=269098"},"modified":"2023-01-08T20:18:23","modified_gmt":"2023-01-08T18:18:23","slug":"cancilleres-de-siria-e-iran-repasan-relaciones-estrategicas-y-la-coordinacion-bilateral","status":"publish","type":"post","link":"https:\/\/archive.sana.sy\/es\/?p=269098","title":{"rendered":"Cancilleres de Siria e Ir\u00e1n repasan relaciones estrat\u00e9gicas y la coordinaci\u00f3n bilateral"},"content":{"rendered":"<blockquote>\n<p style=\"text-align: justify;\"><strong>Los dos cancilleres repasaron los recientes desarrollos en la regi\u00f3n y el mundo, e intercambiaron ideas sobre una serie de temas de inter\u00e9s com\u00fan, y los puntos de vista fueron id\u00e9nticos sobre los temas abordados.<\/strong><\/p>\n<\/blockquote>\n<p style=\"text-align: justify;\"><span style=\"color: #800000;\"><strong>Damasco, 8 ene (SANA)<\/strong><\/span>\u00a0 \u00a0El ministro de Exteriores y Expatriados, Faisal Al-Mekdad, recibi\u00f3 hoy una llamada telef\u00f3nica de su hom\u00f3logo de la Rep\u00fablica Isl\u00e1mica de Ir\u00e1n, Hossein Amir Abdollahian, durante la cual los dos ministros abordaron las relaciones bilaterales estrat\u00e9gicas y la alta coordinaci\u00f3n existente por el inter\u00e9s de los dos pueblos amigos.<\/p>\n<p style=\"text-align: justify;\">Los dos cancilleres repasaron los recientes desarrollos en la regi\u00f3n y el mundo, e intercambiaron ideas sobre una serie de temas de inter\u00e9s com\u00fan, y los puntos de vista fueron id\u00e9nticos sobre los temas abordados.<\/p>\n<p style=\"text-align: justify;\">Expresaron su satisfacci\u00f3n por el continuo desarrollo de las relaciones bilaterales y la alta coordinaci\u00f3n entre ellos en todos los campos, y reafirmaron el apoyo de sus respectivos pa\u00edses a la justa lucha del pueblo palestino en defensa de sus lugares santos y sus derechos hist\u00f3ricos.<\/p>\n<p style=\"text-align: justify;\">Tambi\u00e9n, condenaron en\u00e9rgicamente los cr\u00edmenes cometidos por la entidad racista sionista contra los palestinos en todos los territorios ocupados.<\/p>\n<p style=\"text-align: justify;\">Al-Mekdad elogi\u00f3 el importante papel iran\u00ed en el apoyo a la firmeza del pueblo sirio y la asistencia ofrecida a Siria, as\u00ed como manifest\u00f3 el apoyo al pa\u00eds persa ante los intentos de presi\u00f3n e injerencia externa en sus asuntos internos.<\/p>\n<p style=\"text-align: justify;\">Conden\u00f3 las posiciones de Estados Unidos y los pa\u00edses occidentales respecto al expediente nuclear iran\u00ed, y expres\u00f3 la confianza de Siria en la sabidur\u00eda y fortaleza del gobierno y pueblo de la Rep\u00fablica Isl\u00e1mica de Ir\u00e1n, para enfrentar estas conspiraciones.<\/p>\n<p style=\"text-align: justify;\">A su vez, el ministro Abdullahian ratific\u00f3 el apoyo de Ir\u00e1n a la soberan\u00eda, independencia e integridad territorial de Siria, y la continuaci\u00f3n del apoyo que Damasco recibe de la Rep\u00fablica Isl\u00e1mica de Ir\u00e1n en su guerra contra el terrorismo, y ante las sanciones econ\u00f3micas coercitivas impuestas por Occidente.<\/p>\n<p style=\"text-align: justify;\">Abdullahian enfatiz\u00f3 la necesidad de continuar la coordinaci\u00f3n y consulta entre los dos pa\u00edses sobre varios temas y expedientes, y destac\u00f3 la importancia de mantener el impulso continuo en las relaciones bilaterales e intercambiar puntos de vista sobre los desarrollos y eventos a nivel regional e internacional.<\/p>\n<p style=\"text-align: justify;\">fm\/rr<\/p>\n","protected":false},"excerpt":{"rendered":"<p>Los dos cancilleres repasaron los recientes desarrollos en la regi\u00f3n y el mundo, e intercambiaron ideas sobre una serie de temas de inter\u00e9s com\u00fan, y los puntos de vista fueron id\u00e9nticos sobre los temas abordados. Damasco, 8 ene (SANA)\u00a0 \u00a0El ministro de Exteriores y Expatriados, Faisal Al-Mekdad, recibi\u00f3 hoy una llamada telef\u00f3nica de su hom\u00f3logo &hellip;<\/p>\n","protected":false},"author":31,"featured_media":269099,"comment_status":"closed","ping_status":"closed","sticky":false,"template":"","format":"standard","meta":{"footnotes":""},"categories":[597,467,583],"tags":[2866,6553],"class_list":["post-269098","post","type-post","status-publish","format-standard","has-post-thumbnail","","category-cinta-de-noticias","category-siria-y-el-mundo","category-slide","tag-iran","tag-siria"],"_links":{"self":[{"href":"https:\/\/archive.sana.sy\/es\/index.php?rest_route=\/wp\/v2\/posts\/269098"}],"collection":[{"href":"https:\/\/archive.sana.sy\/es\/index.php?rest_route=\/wp\/v2\/posts"}],"about":[{"href":"https:\/\/archive.sana.sy\/es\/index.php?rest_route=\/wp\/v2\/types\/post"}],"author":[{"embeddable":true,"href":"https:\/\/archive.sana.sy\/es\/index.php?rest_route=\/wp\/v2\/users\/31"}],"replies":[{"embeddable":true,"href":"https:\/\/archive.sana.sy\/es\/index.php?rest_route=%2Fwp%2Fv2%2Fcomments&post=269098"}],"version-history":[{"count":0,"href":"https:\/\/archive.sana.sy\/es\/index.php?rest_route=\/wp\/v2\/posts\/269098\/revisions"}],"wp:featuredmedia":[{"embeddable":true,"href":"https:\/\/archive.sana.sy\/es\/index.php?rest_route=\/wp\/v2\/media\/269099"}],"wp:attachment":[{"href":"https:\/\/archive.sana.sy\/es\/index.php?rest_route=%2Fwp%2Fv2%2Fmedia&parent=269098"}],"wp:term":[{"taxonomy":"category","embeddable":true,"href":"https:\/\/archive.sana.sy\/es\/index.php?rest_route=%2Fwp%2Fv2%2Fcategories&post=269098"},{"taxonomy":"post_tag","embeddable":true,"href":"https:\/\/archive.sana.sy\/es\/index.php?rest_route=%2Fwp%2Fv2%2Ftags&post=269098"}],"curies":[{"name":"wp","href":"https:\/\/api.w.org\/{rel}","templated":true}]}}