{"id":269129,"date":"2023-01-09T04:53:39","date_gmt":"2023-01-09T02:53:39","guid":{"rendered":"http:\/\/107.6.182.27\/es\/?p=269129"},"modified":"2023-01-10T15:47:52","modified_gmt":"2023-01-10T13:47:52","slug":"piden-expulsar-a-bolsonaro-de-eeuu-tras-invasiones-en-brasil","status":"publish","type":"post","link":"https:\/\/archive.sana.sy\/es\/?p=269129","title":{"rendered":"Piden expulsar a Bolsonaro de EEUU tras invasiones en Brasil"},"content":{"rendered":"<p style=\"text-align: justify;\"><span style=\"color: #800000;\"><strong>Washington, 9 ene (SANA)<\/strong><\/span> La congresista estadounidense Alexandria Ocasio-Cortez pidi\u00f3 la expulsi\u00f3n de su pa\u00eds del exmandatario Jair Bolsonaro tras la invasi\u00f3n del Congreso, el Supremo Tribunal Federal y el Palacio del Planalto, sede del Poder Ejecutivo en Brasil.<\/p>\n<p>En sus redes sociales y amplificado en medios nacionales, la parlamentaria en la C\u00e1mara de Representantes por Nueva York record\u00f3 en su texto el ataque al Capitolio por partidarios del exgobernante norteamericano Donald Trump.<\/p>\n<p style=\"text-align: justify;\">&#8220;Debemos ser solidarios con presidente Luiz In\u00e1cio Lula da Silva, gobierno elegido democr\u00e1ticamente. Estados Unidos debe dejar de conceder refugio a Bolsonaro en Florida, escribi\u00f3 Ocasio-Cortez, citada por Prensa Latina.<\/p>\n<p style=\"text-align: justify;\">El exmilitar dej\u00f3 el pa\u00eds el 30 de diciembre y horas antes de partir, hizo, a trav\u00e9s de live (en vivo) en plataformas digitales, el \u00faltimo pronunciamiento como jefe de Estado. Rompi\u00f3 su silencio desde que perdi\u00f3 en urnas con Lula el 30 de octubre y llam\u00f3 a sus partidarios a mantenerse firmes contra el gobierno progresista.<\/p>\n<p style=\"text-align: justify;\">\u00abNo vamos a creer que el mundo acaba este 1 de enero\u00bb con la llegada a la presidencia del fundador del Partido de loa Trabajadores, afirm\u00f3 Bolsonaro, quien pidi\u00f3 no dejar \u00abde hacer oposici\u00f3n\u00bb.<\/p>\n<p style=\"text-align: justify;\">fm<\/p>\n","protected":false},"excerpt":{"rendered":"<p>Washington, 9 ene (SANA) La congresista estadounidense Alexandria Ocasio-Cortez pidi\u00f3 la expulsi\u00f3n de su pa\u00eds del exmandatario Jair Bolsonaro tras la invasi\u00f3n del Congreso, el Supremo Tribunal Federal y el Palacio del Planalto, sede del Poder Ejecutivo en Brasil. En sus redes sociales y amplificado en medios nacionales, la parlamentaria en la C\u00e1mara de Representantes &hellip;<\/p>\n","protected":false},"author":34,"featured_media":269130,"comment_status":"closed","ping_status":"closed","sticky":false,"template":"","format":"standard","meta":{"footnotes":""},"categories":[597,456,20724,7541],"tags":[],"class_list":["post-269129","post","type-post","status-publish","format-standard","has-post-thumbnail","","category-cinta-de-noticias","category-arabe-internacional-politica","category-minuto-a-minuto","category-ultimas-noticias"],"_links":{"self":[{"href":"https:\/\/archive.sana.sy\/es\/index.php?rest_route=\/wp\/v2\/posts\/269129"}],"collection":[{"href":"https:\/\/archive.sana.sy\/es\/index.php?rest_route=\/wp\/v2\/posts"}],"about":[{"href":"https:\/\/archive.sana.sy\/es\/index.php?rest_route=\/wp\/v2\/types\/post"}],"author":[{"embeddable":true,"href":"https:\/\/archive.sana.sy\/es\/index.php?rest_route=\/wp\/v2\/users\/34"}],"replies":[{"embeddable":true,"href":"https:\/\/archive.sana.sy\/es\/index.php?rest_route=%2Fwp%2Fv2%2Fcomments&post=269129"}],"version-history":[{"count":0,"href":"https:\/\/archive.sana.sy\/es\/index.php?rest_route=\/wp\/v2\/posts\/269129\/revisions"}],"wp:featuredmedia":[{"embeddable":true,"href":"https:\/\/archive.sana.sy\/es\/index.php?rest_route=\/wp\/v2\/media\/269130"}],"wp:attachment":[{"href":"https:\/\/archive.sana.sy\/es\/index.php?rest_route=%2Fwp%2Fv2%2Fmedia&parent=269129"}],"wp:term":[{"taxonomy":"category","embeddable":true,"href":"https:\/\/archive.sana.sy\/es\/index.php?rest_route=%2Fwp%2Fv2%2Fcategories&post=269129"},{"taxonomy":"post_tag","embeddable":true,"href":"https:\/\/archive.sana.sy\/es\/index.php?rest_route=%2Fwp%2Fv2%2Ftags&post=269129"}],"curies":[{"name":"wp","href":"https:\/\/api.w.org\/{rel}","templated":true}]}}