{"id":269132,"date":"2023-01-09T05:05:26","date_gmt":"2023-01-09T03:05:26","guid":{"rendered":"http:\/\/107.6.182.27\/es\/?p=269132"},"modified":"2023-01-10T15:47:52","modified_gmt":"2023-01-10T13:47:52","slug":"trumpismo-made-in-brasil-el-asalto-del-bolsonarismo-a-los-tres-poderes","status":"publish","type":"post","link":"https:\/\/archive.sana.sy\/es\/?p=269132","title":{"rendered":"\u00bfTrumpismo &#8216;made in&#8217; Brasil? El asalto del bolsonarismo a los tres poderes"},"content":{"rendered":"<blockquote>\n<p style=\"text-align: justify;\"><strong><span style=\"color: #993300;\">Pero m\u00e1s all\u00e1 de las voces de la escena pol\u00edtica brasile\u00f1a que salieron a rechazar la violencia, durante la jornada resalt\u00f3 la reacci\u00f3n internacional para respaldar al Gobierno entrante. Pa\u00edses como Venezuela, M\u00e9xico, Ecuador, Cuba, Chile, Bolivia, Argentina, Colombia y Espa\u00f1a fueron los primeros en pronunciarse para condenar la irrupci\u00f3n del bolsonarismo contra los tres poderes y denunciar, adem\u00e1s, el talante antidemocr\u00e1tico de las manifestaciones.<\/span><\/strong><\/p>\n<\/blockquote>\n<p style=\"text-align: justify;\"><span style=\"color: #800000;\"><strong>Damasco, 9 ene (SANA)<\/strong><\/span> El llamativo asalto al Capitolio de EE.UU. ya tiene su correlato en Suram\u00e9rica. Este domingo, una multitud ataviada con camisetas &#8216;verdeamarelas&#8217; irrumpi\u00f3 en las tres sedes emblem\u00e1ticas del poder pol\u00edtico en Brasilia: el Palacio de Planalto, el Congreso y el Tribunal Supremo.<\/p>\n<p style=\"text-align: justify;\">Despu\u00e9s de romper un cerco policial, los simpatizantes del exmandatario derechista Jair Bolsonaro atacaron con violencia las instalaciones y golpearon a algunos efectivos que intentaron contenerlos.<\/p>\n<p style=\"text-align: justify;\">En videos difundidos en redes sociales, muchos de los asistentes documentaron los destrozos y las agresiones a funcionarios policiales, aunque tambi\u00e9n circularon grabaciones en las que se ve\u00eda a los uniformados en una aparente actitud pasiva mientras los manifestantes perpetraban la toma.<\/p>\n<p style=\"text-align: justify;\">En pocos minutos de confusi\u00f3n y algarab\u00eda, en redes sociales se difundi\u00f3 la escena de las rotundas estructuras del arquitecto Oscar Niemeyer rodeadas por cientos de personas que ped\u00edan la dimisi\u00f3n del presidente Luiz In\u00e1cio Lula da Silva y una intervenci\u00f3n militar, apenas una semana despu\u00e9s de que el l\u00edder del Partido de los Trabajadores (PT) asumiera su tercer mandato. En medio del estupor, la pregunta fue la misma: \u00bfc\u00f3mo fue posible esa irrupci\u00f3n?<\/p>\n<p style=\"text-align: justify;\"><strong>Un funcionario clave<\/strong><\/p>\n<p style=\"text-align: justify;\">Los manifestantes, identificados con el expresidente de Brasil, no aparecieron de la nada. Desde hace dos meses muchos de ellos permanecen en acampadas cercanas al Cuartel General del Ej\u00e9rcito, donde se han congregado para desconocer el resultado de la elecci\u00f3n m\u00e1s re\u00f1ida de la historia del pa\u00eds.<\/p>\n<p style=\"text-align: justify;\">Bajo las teor\u00edas de un fraude que no han podido demostrar, los radicales exigen la liberaci\u00f3n del &#8220;c\u00f3digo fuente&#8221; que comprobar\u00eda el supuesto ama\u00f1o en los comicios pasados, que le dieron la victoria a Lula con poco m\u00e1s de 1 % de los votos.<\/p>\n<p style=\"text-align: justify;\">Las pancartas con ese mensaje ondearon durante la toma de los tres poderes, mientras el resto del pa\u00eds empezaba a preguntar por los responsables de la situaci\u00f3n. Los primeros focos se fijaron en el gobernador del Distrito Federal, Ibaneis Rocha, quien asegur\u00f3 que hab\u00eda dado la orden a todas las fuerzas policiales para contener a los manifestantes.<\/p>\n<p style=\"text-align: justify;\">Sin embargo, horas m\u00e1s tarde, el regidor anunci\u00f3 la destituci\u00f3n de su secretario de Seguridad P\u00fablica, Anderson Torres, quien se desempe\u00f1\u00f3 como ministro de Justicia del Gobierno de Bolsonaro, entre 2021 y 2022.<\/p>\n<p style=\"text-align: justify;\">Rocha, adem\u00e1s, se disculp\u00f3 con Lula y con el resto de los poderes atacados durante la jornada: &#8220;Lo que pas\u00f3 hoy fue inaceptable. [&#8230;] Son verdaderos v\u00e1ndalos, verdaderos terroristas&#8221;, dijo en un video difundido en las redes sociales.<\/p>\n<p style=\"text-align: justify;\">Reportes de la prensa local aseguran que el ahora exfuncionario se encuentra de vacaciones en EE.UU., lo que ha provocado una oleada de repudio y el pedido de la Procuradur\u00eda General de la Uni\u00f3n (AGU) para que se le procese como presunto responsable de los desmanes.<\/p>\n<p style=\"text-align: justify;\">Bolsonaro, mientras tanto, se encuentra en EE.UU. Su viaje a territorio norteamericano ocurri\u00f3 d\u00edas antes del acto de investidura de Lula, lo que no solo convirti\u00f3 al exmandatario en el gran ausente del traspaso, sino que sell\u00f3 su rotundo silencio sobre su derrota electoral.<\/p>\n<p style=\"text-align: justify;\"><strong>Intervenci\u00f3n en Brasilia<\/strong><\/p>\n<p style=\"text-align: justify;\">Las palabras m\u00e1s esperadas de la jornada fueron las de Lula. El mandatario intervino para condenar el suceso &#8220;sin precedentes en la historia&#8221; de Brasil y emitir un decreto que le permite militarizar el Distrito Federal, mediante una intervenci\u00f3n que estar\u00e1 vigente hasta el pr\u00f3ximo 31 de enero.<\/p>\n<p style=\"text-align: justify;\">Ricardo Garc\u00eda Capelli, actual secretario ejecutivo del Ministerio de Justicia, fue la persona nominada como interventor y que entre sus atribuciones tendr\u00e1 la facultad de pedir a los \u00f3rganos civiles y militares, de administraci\u00f3n p\u00fablica federal, todos los medios necesarios para llevar a cabo su tarea.<\/p>\n<p style=\"text-align: justify;\">Lula defendi\u00f3 el decreto como una medida necesaria ante la magnitud de los acontecimientos, y que comprometieron &#8220;gravemente&#8221; el orden p\u00fablico, atribuyendo tambi\u00e9n la responsabilidad a su antecesor.<\/p>\n<p style=\"text-align: justify;\">&#8220;Esto tambi\u00e9n es su responsabilidad y de los partidos que pertenecen a \u00e9l [Bolsonaro]&#8221;, denunci\u00f3 Lula, tras recordar los discursos del ultraderechista para atacar a los poderes del Estado. Del mismo modo, afirm\u00f3 que si alg\u00fan miembro de su Gobierno facilit\u00f3 &#8220;por omisi\u00f3n&#8221; la acci\u00f3n violenta en Brasilia, tendr\u00e1 que asumir lo que le corresponda ante la Justicia.<\/p>\n<p style=\"text-align: justify;\">El mandatario adelant\u00f3 que viajar\u00e1 a Brasilia para verificar la magnitud de los destrozos causados en los edificios de los poderes p\u00fablicos, y garantiz\u00f3 que este tipo de acciones no volver\u00e1n a ocurrir.<\/p>\n<p style=\"text-align: justify;\">&#8220;Yo perd\u00ed elecciones en el 89, yo perd\u00ed en el 94, yo perd\u00ed elecciones en el 98, y en ning\u00fan momento ustedes vieron que militantes de mi partido o de izquierda hicieran cualquier humillaci\u00f3n a un presidente de la Rep\u00fablica electo&#8221;, rememor\u00f3 el l\u00edder hist\u00f3rico del Partido de los Trabajadores (PT).<\/p>\n<p style=\"text-align: justify;\"><strong>Retoma, detenciones e investigaciones<\/strong><\/p>\n<p style=\"text-align: justify;\">Tras el discurso del presidente brasile\u00f1o, voceros del Congreso se sumaron a las voces de repudio a los actos vand\u00e1licos, mientras que el Supremo Tribunal Federal de Brasil le dio un espaldarazo a la decisi\u00f3n de las autoridades federales en la capital.<\/p>\n<p style=\"text-align: justify;\">Poco despu\u00e9s, medios locales anunciaron la retoma de las instalaciones, mientras que la Polic\u00eda Civil confirm\u00f3 la detenci\u00f3n de 300 manifestantes.<\/p>\n<p style=\"text-align: justify;\">Entretanto, el Partido Liberal \u2014que abander\u00f3 a Bolsonaro\u2014 se deslind\u00f3 de las protestas violentas, aunque en un tono ambiguo reivindic\u00f3 la acampada al frente del Cuartel.<\/p>\n<p style=\"text-align: justify;\">&#8220;Es una verg\u00fcenza para todos nosotros, no representan a nuestro partido ni a Bolsonaro&#8221;, asever\u00f3 el presidente del Partido Liberal, Valdemar Costa Neto, en un pronunciamiento divulgado en redes sociales. En ese video, el vocero asegur\u00f3 que los movimientos protagonizados por los militantes bolsonaristas &#8220;fueron todos pac\u00edficos&#8221;.<\/p>\n<p style=\"text-align: justify;\">Pero m\u00e1s all\u00e1 de las voces de la escena pol\u00edtica brasile\u00f1a que salieron a rechazar la violencia, durante la jornada resalt\u00f3 la reacci\u00f3n internacional para respaldar al Gobierno entrante. Pa\u00edses como Venezuela, M\u00e9xico, Ecuador, Cuba, Chile, Bolivia, Argentina, Colombia y Espa\u00f1a fueron los primeros en pronunciarse para condenar la irrupci\u00f3n del bolsonarismo contra los tres poderes y denunciar, adem\u00e1s, el talante antidemocr\u00e1tico de las manifestaciones.<\/p>\n<p style=\"text-align: justify;\">&#8220;Como presidente de la Celac y del Mercosur, pongo en alerta a los pa\u00edses miembros para que nos unamos en esta inaceptable reacci\u00f3n antidemocr\u00e1tica que intenta imponerse en Brasil&#8221;, indic\u00f3 el presidente argentino, Alberto Fern\u00e1ndez.<\/p>\n<p style=\"text-align: justify;\">As\u00ed, a menos de una semana de haber asumido su tercer mandato, Lula enfrenta su primera gran crisis pol\u00edtica con un movimiento que muestra m\u00fasculo para develar la fractura pol\u00edtica de Brasil, mientras el l\u00edder de una parte de la grieta se encuentra en EE.UU.<\/p>\n<p style=\"text-align: justify;\"><strong>Fuente: RT<\/strong><\/p>\n","protected":false},"excerpt":{"rendered":"<p>Pero m\u00e1s all\u00e1 de las voces de la escena pol\u00edtica brasile\u00f1a que salieron a rechazar la violencia, durante la jornada resalt\u00f3 la reacci\u00f3n internacional para respaldar al Gobierno entrante. Pa\u00edses como Venezuela, M\u00e9xico, Ecuador, Cuba, Chile, Bolivia, Argentina, Colombia y Espa\u00f1a fueron los primeros en pronunciarse para condenar la irrupci\u00f3n del bolsonarismo contra los tres &hellip;<\/p>\n","protected":false},"author":34,"featured_media":269133,"comment_status":"closed","ping_status":"closed","sticky":false,"template":"","format":"standard","meta":{"footnotes":""},"categories":[16929,597,456,20724,583],"tags":[],"class_list":["post-269132","post","type-post","status-publish","format-standard","has-post-thumbnail","","category-articulos-de-opinion","category-cinta-de-noticias","category-arabe-internacional-politica","category-minuto-a-minuto","category-slide"],"_links":{"self":[{"href":"https:\/\/archive.sana.sy\/es\/index.php?rest_route=\/wp\/v2\/posts\/269132"}],"collection":[{"href":"https:\/\/archive.sana.sy\/es\/index.php?rest_route=\/wp\/v2\/posts"}],"about":[{"href":"https:\/\/archive.sana.sy\/es\/index.php?rest_route=\/wp\/v2\/types\/post"}],"author":[{"embeddable":true,"href":"https:\/\/archive.sana.sy\/es\/index.php?rest_route=\/wp\/v2\/users\/34"}],"replies":[{"embeddable":true,"href":"https:\/\/archive.sana.sy\/es\/index.php?rest_route=%2Fwp%2Fv2%2Fcomments&post=269132"}],"version-history":[{"count":0,"href":"https:\/\/archive.sana.sy\/es\/index.php?rest_route=\/wp\/v2\/posts\/269132\/revisions"}],"wp:featuredmedia":[{"embeddable":true,"href":"https:\/\/archive.sana.sy\/es\/index.php?rest_route=\/wp\/v2\/media\/269133"}],"wp:attachment":[{"href":"https:\/\/archive.sana.sy\/es\/index.php?rest_route=%2Fwp%2Fv2%2Fmedia&parent=269132"}],"wp:term":[{"taxonomy":"category","embeddable":true,"href":"https:\/\/archive.sana.sy\/es\/index.php?rest_route=%2Fwp%2Fv2%2Fcategories&post=269132"},{"taxonomy":"post_tag","embeddable":true,"href":"https:\/\/archive.sana.sy\/es\/index.php?rest_route=%2Fwp%2Fv2%2Ftags&post=269132"}],"curies":[{"name":"wp","href":"https:\/\/api.w.org\/{rel}","templated":true}]}}