{"id":269139,"date":"2023-01-09T06:19:38","date_gmt":"2023-01-09T04:19:38","guid":{"rendered":"http:\/\/107.6.182.27\/es\/?p=269139"},"modified":"2023-01-10T15:47:51","modified_gmt":"2023-01-10T13:47:51","slug":"lideres-latinoamericanos-condenan-intento-de-golpismo-en-brasil","status":"publish","type":"post","link":"https:\/\/archive.sana.sy\/es\/?p=269139","title":{"rendered":"L\u00edderes latinoamericanos condenan intento de golpismo en Brasil"},"content":{"rendered":"<p style=\"text-align: justify;\"><span style=\"color: #800000;\"><strong>Damasco, 9 ene (SANA)<\/strong> <\/span>El presidente de Cuba, Miguel D\u00edaz-Canel, conden\u00f3 las acciones golpistas de grupos adeptos al exmandatario Jair Bolsonaro, que asaltaron los edificios de las tres sedes de los poderes del Estado en Brasil.<\/p>\n<p>Condenamos en\u00e9rgicamente los actos violentos y antidemocr\u00e1ticos que ocurren en Brasil, con el objetivo de generar caos e irrespetar la voluntad popular expresada con la elecci\u00f3n del presidente Lula, expres\u00f3 el mandatario en Twitter.<\/p>\n<p style=\"text-align: justify;\">A\u00f1adi\u00f3 que Cuba expresa todo su respaldo y solidaridad al presidente electo y su gobierno.<\/p>\n<p style=\"text-align: justify;\">&#8220;Reprobable y antidemocr\u00e1tico el intento golpista de los conservadores de Brasil&#8221;, opin\u00f3 el presidente mexicano, Andr\u00e9s Manuel L\u00f3pez Obrador.<\/p>\n<p style=\"text-align: justify;\">A su vez, el presidente de Colombia, Gustavo Petro, compar\u00f3 los hechos con la violencia fascista que deton\u00f3 la Guerra Civil espa\u00f1ola contra la segunda rep\u00fablica.<\/p>\n<p style=\"text-align: justify;\">El mandatario de Argentina, Alberto Fern\u00e1ndez, pidi\u00f3 recordar que la democracia obliga a respetar el mandato popular.<\/p>\n<p style=\"text-align: justify;\">Al mismo tiempo, el presidente de Venezuela, Nicol\u00e1s Maduro, expres\u00f3 un &#8220;rechazo categ\u00f3rico&#8221; a la violencia generada y calific\u00f3 a los manifestantes de neofascistas simpatizantes de Bolsonaro.<\/p>\n<p style=\"text-align: justify;\">fm<\/p>\n","protected":false},"excerpt":{"rendered":"<p>Damasco, 9 ene (SANA) El presidente de Cuba, Miguel D\u00edaz-Canel, conden\u00f3 las acciones golpistas de grupos adeptos al exmandatario Jair Bolsonaro, que asaltaron los edificios de las tres sedes de los poderes del Estado en Brasil. Condenamos en\u00e9rgicamente los actos violentos y antidemocr\u00e1ticos que ocurren en Brasil, con el objetivo de generar caos e irrespetar &hellip;<\/p>\n","protected":false},"author":34,"featured_media":269140,"comment_status":"closed","ping_status":"closed","sticky":false,"template":"","format":"standard","meta":{"footnotes":""},"categories":[597,456,20724,7541],"tags":[],"class_list":["post-269139","post","type-post","status-publish","format-standard","has-post-thumbnail","","category-cinta-de-noticias","category-arabe-internacional-politica","category-minuto-a-minuto","category-ultimas-noticias"],"_links":{"self":[{"href":"https:\/\/archive.sana.sy\/es\/index.php?rest_route=\/wp\/v2\/posts\/269139"}],"collection":[{"href":"https:\/\/archive.sana.sy\/es\/index.php?rest_route=\/wp\/v2\/posts"}],"about":[{"href":"https:\/\/archive.sana.sy\/es\/index.php?rest_route=\/wp\/v2\/types\/post"}],"author":[{"embeddable":true,"href":"https:\/\/archive.sana.sy\/es\/index.php?rest_route=\/wp\/v2\/users\/34"}],"replies":[{"embeddable":true,"href":"https:\/\/archive.sana.sy\/es\/index.php?rest_route=%2Fwp%2Fv2%2Fcomments&post=269139"}],"version-history":[{"count":0,"href":"https:\/\/archive.sana.sy\/es\/index.php?rest_route=\/wp\/v2\/posts\/269139\/revisions"}],"wp:featuredmedia":[{"embeddable":true,"href":"https:\/\/archive.sana.sy\/es\/index.php?rest_route=\/wp\/v2\/media\/269140"}],"wp:attachment":[{"href":"https:\/\/archive.sana.sy\/es\/index.php?rest_route=%2Fwp%2Fv2%2Fmedia&parent=269139"}],"wp:term":[{"taxonomy":"category","embeddable":true,"href":"https:\/\/archive.sana.sy\/es\/index.php?rest_route=%2Fwp%2Fv2%2Fcategories&post=269139"},{"taxonomy":"post_tag","embeddable":true,"href":"https:\/\/archive.sana.sy\/es\/index.php?rest_route=%2Fwp%2Fv2%2Ftags&post=269139"}],"curies":[{"name":"wp","href":"https:\/\/api.w.org\/{rel}","templated":true}]}}