{"id":269147,"date":"2023-01-09T09:22:40","date_gmt":"2023-01-09T07:22:40","guid":{"rendered":"http:\/\/107.6.182.27\/es\/?p=269147"},"modified":"2023-01-10T15:47:51","modified_gmt":"2023-01-10T13:47:51","slug":"mueren-seis-personas-en-un-tiroteo-en-en-un-edificio-residencial-en-estados-unidos","status":"publish","type":"post","link":"https:\/\/archive.sana.sy\/es\/?p=269147","title":{"rendered":"Mueren seis personas en un tiroteo en en un edificio residencial en Estados Unidos"},"content":{"rendered":"<p style=\"text-align: justify;\"><span style=\"color: #800000;\"><strong>Washington, 9 ene (SANA)\u00a0 <\/strong><\/span>Seis personas perdieron la vida en un tiroteo dentro de un edificio residencial en la ciudad de High Point, en Carolina del Norte (EE.UU.).<\/p>\n<p style=\"text-align: justify;\">La agencia The Associated Press cit\u00f3 la polic\u00eda diciendo que un armado atac\u00f3 una casa, mat\u00f3 a cinco personas de una sola familia y luego se suicid\u00f3 despu\u00e9s.<\/p>\n<p style=\"text-align: justify;\">Seg\u00fan la fuente, se est\u00e1n realizando investigaciones para determinar las circunstancias del accidente.<\/p>\n<p style=\"text-align: justify;\">as\/fm<\/p>\n","protected":false},"excerpt":{"rendered":"<p>Washington, 9 ene (SANA)\u00a0 Seis personas perdieron la vida en un tiroteo dentro de un edificio residencial en la ciudad de High Point, en Carolina del Norte (EE.UU.). La agencia The Associated Press cit\u00f3 la polic\u00eda diciendo que un armado atac\u00f3 una casa, mat\u00f3 a cinco personas de una sola familia y luego se suicid\u00f3 &hellip;<\/p>\n","protected":false},"author":42,"featured_media":269148,"comment_status":"closed","ping_status":"closed","sticky":false,"template":"","format":"standard","meta":{"footnotes":""},"categories":[597,456,20724,7541],"tags":[],"class_list":["post-269147","post","type-post","status-publish","format-standard","has-post-thumbnail","","category-cinta-de-noticias","category-arabe-internacional-politica","category-minuto-a-minuto","category-ultimas-noticias"],"_links":{"self":[{"href":"https:\/\/archive.sana.sy\/es\/index.php?rest_route=\/wp\/v2\/posts\/269147"}],"collection":[{"href":"https:\/\/archive.sana.sy\/es\/index.php?rest_route=\/wp\/v2\/posts"}],"about":[{"href":"https:\/\/archive.sana.sy\/es\/index.php?rest_route=\/wp\/v2\/types\/post"}],"author":[{"embeddable":true,"href":"https:\/\/archive.sana.sy\/es\/index.php?rest_route=\/wp\/v2\/users\/42"}],"replies":[{"embeddable":true,"href":"https:\/\/archive.sana.sy\/es\/index.php?rest_route=%2Fwp%2Fv2%2Fcomments&post=269147"}],"version-history":[{"count":0,"href":"https:\/\/archive.sana.sy\/es\/index.php?rest_route=\/wp\/v2\/posts\/269147\/revisions"}],"wp:featuredmedia":[{"embeddable":true,"href":"https:\/\/archive.sana.sy\/es\/index.php?rest_route=\/wp\/v2\/media\/269148"}],"wp:attachment":[{"href":"https:\/\/archive.sana.sy\/es\/index.php?rest_route=%2Fwp%2Fv2%2Fmedia&parent=269147"}],"wp:term":[{"taxonomy":"category","embeddable":true,"href":"https:\/\/archive.sana.sy\/es\/index.php?rest_route=%2Fwp%2Fv2%2Fcategories&post=269147"},{"taxonomy":"post_tag","embeddable":true,"href":"https:\/\/archive.sana.sy\/es\/index.php?rest_route=%2Fwp%2Fv2%2Ftags&post=269147"}],"curies":[{"name":"wp","href":"https:\/\/api.w.org\/{rel}","templated":true}]}}