{"id":26925,"date":"2015-07-20T15:47:48","date_gmt":"2015-07-20T12:47:48","guid":{"rendered":"http:\/\/sana.sy\/es\/?p=26925"},"modified":"2015-07-20T19:18:20","modified_gmt":"2015-07-20T16:18:20","slug":"la-muerte-de-30-personas-y-decenas-de-lesionados-en-una-explosion-terrorista-en-turquia","status":"publish","type":"post","link":"https:\/\/archive.sana.sy\/es\/?p=26925","title":{"rendered":"30 muertos y decenas de heridos por una atentado terrorista en Turqu\u00eda"},"content":{"rendered":"<p><span style=\"color: #ff0000\">Ankara, SANA<\/span><\/p>\n<p>Un atentado terrorista que tuvo lugar en el pueblo de Sruj, en la provincia de Shanly Orfa, ubicada en el Sur de Turqu\u00eda, ha provocado la muerte de 30 personas y heridas a decenas.<\/p>\n<p>El corresponsal de SANA en Ankara inform\u00f3 que la explosi\u00f3n tuvo por objetivo un grupo de m\u00e1s de 300 personas, miembros de \u00a0la Uni\u00f3n Socialista de las Asociaciones Juveniles de izquierda, quienes provinieron de todas partes del pa\u00eds para apoyar a los ciudadanos de Ein Arab.<\/p>\n<p>Los medios de informaci\u00f3n turcos dijeron que fue capturado un segundo suicida que pretend\u00eda detonar su carga en el mismo lugar.<\/p>\n<p>Una fuente inform\u00f3 que otra explosi\u00f3n terrorista ha sacudido el cruce de Murshed Binar. Seg\u00fan la fuente, los responsables del gobierno de Erdogan atribuyeron el atentado al Estado Isl\u00e1mico de dicho atentado.<\/p>\n<p><span style=\"color: #00ccff\">\u00a0Hala B., Ryad Sh.<\/span><\/p>\n<p>&nbsp;<\/p>\n","protected":false},"excerpt":{"rendered":"<p>Ankara, SANA Un atentado terrorista que tuvo lugar en el pueblo de Sruj, en la provincia de Shanly Orfa, ubicada en el Sur de Turqu\u00eda, ha provocado la muerte de 30 personas y heridas a decenas. El corresponsal de SANA en Ankara inform\u00f3 que la explosi\u00f3n tuvo por objetivo un grupo de m\u00e1s de 300 &hellip;<\/p>\n","protected":false},"author":1,"featured_media":26926,"comment_status":"closed","ping_status":"closed","sticky":false,"template":"","format":"standard","meta":{"footnotes":""},"categories":[456,576],"tags":[6046],"class_list":["post-26925","post","type-post","status-publish","format-standard","has-post-thumbnail","","category-arabe-internacional-politica","category-noticias-politicas","tag-la-muerte-de-30-personas-y-decenas-de-lesionados-en-una-explosion-terrorista-en-turquia"],"_links":{"self":[{"href":"https:\/\/archive.sana.sy\/es\/index.php?rest_route=\/wp\/v2\/posts\/26925"}],"collection":[{"href":"https:\/\/archive.sana.sy\/es\/index.php?rest_route=\/wp\/v2\/posts"}],"about":[{"href":"https:\/\/archive.sana.sy\/es\/index.php?rest_route=\/wp\/v2\/types\/post"}],"author":[{"embeddable":true,"href":"https:\/\/archive.sana.sy\/es\/index.php?rest_route=\/wp\/v2\/users\/1"}],"replies":[{"embeddable":true,"href":"https:\/\/archive.sana.sy\/es\/index.php?rest_route=%2Fwp%2Fv2%2Fcomments&post=26925"}],"version-history":[{"count":0,"href":"https:\/\/archive.sana.sy\/es\/index.php?rest_route=\/wp\/v2\/posts\/26925\/revisions"}],"wp:featuredmedia":[{"embeddable":true,"href":"https:\/\/archive.sana.sy\/es\/index.php?rest_route=\/wp\/v2\/media\/26926"}],"wp:attachment":[{"href":"https:\/\/archive.sana.sy\/es\/index.php?rest_route=%2Fwp%2Fv2%2Fmedia&parent=26925"}],"wp:term":[{"taxonomy":"category","embeddable":true,"href":"https:\/\/archive.sana.sy\/es\/index.php?rest_route=%2Fwp%2Fv2%2Fcategories&post=26925"},{"taxonomy":"post_tag","embeddable":true,"href":"https:\/\/archive.sana.sy\/es\/index.php?rest_route=%2Fwp%2Fv2%2Ftags&post=26925"}],"curies":[{"name":"wp","href":"https:\/\/api.w.org\/{rel}","templated":true}]}}