{"id":27010,"date":"2015-07-21T17:50:40","date_gmt":"2015-07-21T14:50:40","guid":{"rendered":"http:\/\/www.sana.sy\/es\/?p=27010"},"modified":"2015-07-21T17:50:40","modified_gmt":"2015-07-21T14:50:40","slug":"conferencia-mediatica-internacional-para-la-confrontacion-al-terrorismo-takfiri-se-celebrara-a-finales-de-julio-en-damasco","status":"publish","type":"post","link":"https:\/\/archive.sana.sy\/es\/?p=27010","title":{"rendered":"Conferencia Medi\u00e1tica Internacional para la Confrontaci\u00f3n al Terrorismo takfir\u00ed se celebrar\u00e1 a finales de julio en Damasco"},"content":{"rendered":"<p><span style=\"color: #800000\">Damasco, SANA<\/span><\/p>\n<p>Bajo el auspicio del presidente Bashar al-Assad, el ministerio de Informaci\u00f3n organizar\u00e1 la \u201cConferencia Medi\u00e1tica Internacional para la Confrontaci\u00f3n al Terrorismo takfiri\u201d en Dar al-Assad para la cultura y arte en Damasco los d\u00edas 24 y 25 del mes en curso.<\/p>\n<p>En declaraciones a la agencia SANA, el titular de Informaci\u00f3n, Omran al-Zoabi afirm\u00f3 que esta conferencia contar\u00e1 con la participaci\u00f3n de m\u00e1s de 130 periodistas de Rusia, China, Ir\u00e1n, Turqu\u00eda, Afganist\u00e1n, Pakist\u00e1n, Egipto, el L\u00edbano, Irak, Argelia, Marruecos, Bahr\u00e9in, Kuwait, Jordania, Sud\u00e1n, Arabia Saudita, T\u00fanez, Chipre, Gran Breta\u00f1a y Alemania.<\/p>\n<p>Al-Zoabi se\u00f1al\u00f3 que la conferencia dar\u00e1 luz a un documento que servir\u00e1 de referencia futura a la hora de trabajar para hacer frente al terrorismo, aludiendo que la celebraci\u00f3n de esta conferencia en Damasco al pasar casi cinco a\u00f1os de la guerra terrorista librada contra Siria tendr\u00e1 un gran peso, especialmente a tenor de los \u00faltimos cambios internacionales y regionales.<\/p>\n<p>La importancia de la creaci\u00f3n de una alianza regional e internacional para hacer frente al terrorismo, el papel de la informaci\u00f3n en los conflictos actuales, y el papel de los medios de comunicaci\u00f3n nacionales, ser\u00e1n unos de los temas abordados en la conferencia.<br \/>\nLynn A.<\/p>\n","protected":false},"excerpt":{"rendered":"<p>Damasco, SANA Bajo el auspicio del presidente Bashar al-Assad, el ministerio de Informaci\u00f3n organizar\u00e1 la \u201cConferencia Medi\u00e1tica Internacional para la Confrontaci\u00f3n al Terrorismo takfiri\u201d en Dar al-Assad para la cultura y arte en Damasco los d\u00edas 24 y 25 del mes en curso. En declaraciones a la agencia SANA, el titular de Informaci\u00f3n, Omran al-Zoabi &hellip;<\/p>\n","protected":false},"author":24,"featured_media":27011,"comment_status":"closed","ping_status":"closed","sticky":false,"template":"","format":"standard","meta":{"footnotes":""},"categories":[477,476],"tags":[6058],"class_list":["post-27010","post","type-post","status-publish","format-standard","has-post-thumbnail","","category-noticias-edulcorantes","category-locales","tag-conferencia-mediatica-internacional-para-la-confrontacion-al-terrorismo-takfiri-se-celebrara-a-finales-de-julio-en-damasco"],"_links":{"self":[{"href":"https:\/\/archive.sana.sy\/es\/index.php?rest_route=\/wp\/v2\/posts\/27010"}],"collection":[{"href":"https:\/\/archive.sana.sy\/es\/index.php?rest_route=\/wp\/v2\/posts"}],"about":[{"href":"https:\/\/archive.sana.sy\/es\/index.php?rest_route=\/wp\/v2\/types\/post"}],"author":[{"embeddable":true,"href":"https:\/\/archive.sana.sy\/es\/index.php?rest_route=\/wp\/v2\/users\/24"}],"replies":[{"embeddable":true,"href":"https:\/\/archive.sana.sy\/es\/index.php?rest_route=%2Fwp%2Fv2%2Fcomments&post=27010"}],"version-history":[{"count":0,"href":"https:\/\/archive.sana.sy\/es\/index.php?rest_route=\/wp\/v2\/posts\/27010\/revisions"}],"wp:featuredmedia":[{"embeddable":true,"href":"https:\/\/archive.sana.sy\/es\/index.php?rest_route=\/wp\/v2\/media\/27011"}],"wp:attachment":[{"href":"https:\/\/archive.sana.sy\/es\/index.php?rest_route=%2Fwp%2Fv2%2Fmedia&parent=27010"}],"wp:term":[{"taxonomy":"category","embeddable":true,"href":"https:\/\/archive.sana.sy\/es\/index.php?rest_route=%2Fwp%2Fv2%2Fcategories&post=27010"},{"taxonomy":"post_tag","embeddable":true,"href":"https:\/\/archive.sana.sy\/es\/index.php?rest_route=%2Fwp%2Fv2%2Ftags&post=27010"}],"curies":[{"name":"wp","href":"https:\/\/api.w.org\/{rel}","templated":true}]}}