{"id":27013,"date":"2015-07-21T18:30:48","date_gmt":"2015-07-21T15:30:48","guid":{"rendered":"http:\/\/www.sana.sy\/es\/?p=27013"},"modified":"2015-07-21T18:33:51","modified_gmt":"2015-07-21T15:33:51","slug":"primer-ministro-sirio-las","status":"publish","type":"post","link":"https:\/\/archive.sana.sy\/es\/?p=27013","title":{"rendered":"Al-Halqui: las acciones de la Coalici\u00f3n internacional en Siria no tiene nada que ver con la lucha antiterrorista"},"content":{"rendered":"<p><span style=\"color: #800000\">Damasco, SANA<\/span><\/p>\n<p>El primer ministro sirio, Wael al-Halqui tach\u00f3 la actitud de EEUU en Siria e Irak de \u201cimproductivas\u201d, explicando que las misiones de la aviaci\u00f3n estadounidense en el espacio a\u00e9reo sirio se llevan a cabo fuera de la coordinaci\u00f3n con la parte siria y se desv\u00edan por completo del objetivo de la lucha contra el terrorismo.<\/p>\n<p>En una entrevista con la agencia rusa \u201cSputnik\u201d, el jefe del Gabinete sirio subray\u00f3 que el ej\u00e9rcito sirio combate en las primeras l\u00edneas y desempa\u00f1a un papel decisivo, mientras que las acciones de la Coalici\u00f3n orquestada por Washington no tienen nada que ver con la lucha contra el terrorismo.<\/p>\n<p>Asimismo resalt\u00f3 la necesidad de detener el apoyo financiero a las organizaciones terroristas que operan en Siria y el env\u00edo de los terroristas por parte de algunos pa\u00edses como Turqu\u00eda, \u201cIsrael\u201d, Jordania, Qatar y Arabia Saudita.<\/p>\n<p>Al-Halqui enfatiz\u00f3 que Siria no percibe ning\u00fan esfuerzo internacional serio en materia de detener el apoyo log\u00edstico y militar a los terroristas, ya que EEUU est\u00e1 interesada en la acci\u00f3n antiterrorista solamente para servir a sus propias metas materializadas en la divisi\u00f3n de la regi\u00f3n y la eliminaci\u00f3n de las fuerzas que se oponen a ella.<\/p>\n<p>Al-Halqui puso de relieve que la soluci\u00f3n pol\u00edtica le corresponde s\u00f3lo al pueblo sirio y ninguna parte tiene derecho a intervenir en el mismo.<\/p>\n<p>En cuanto a las relaciones sirio-rusas, al-Halqui destac\u00f3 que Rusia ha demostrado durante la crisis que vive Siria, haber sido un aliado estrat\u00e9gico del pueblo sirio, a\u00f1adiendo que no solamente Siria valora las pol\u00edticas principistas de la Federaci\u00f3n rusa, presidida por el presidente Vladimir Putin, sino tambi\u00e9n todos los pueblos del mundo, ya que estas pol\u00edticas est\u00e1n basadas en los principios de justicia, igualdad, el respeto de la Carta de la ONU y de la soberan\u00eda de los Estados y la no injerencia en sus asuntos internos.<\/p>\n<p>El jefe del Ejecutivo sirio agreg\u00f3 que las ayudas humanitarias donadas por Rusia al pueblo sirio han contribuido sumamente a apoyar los esfuerzos desempe\u00f1ados por el Gobierno sirio para satisfacer las necesidades de los ciudadanos sirios que se vieron obligados a abandonar sus casas por los actos terroristas. Agreg\u00f3 que Siria sigue examinado con Rusia la posibilidad de su adhesi\u00f3n a la Federaci\u00f3n Euroasi\u00e1tica y el Convenio del Comercio libre.<\/p>\n<p>Lynn A.<\/p>\n","protected":false},"excerpt":{"rendered":"<p>Damasco, SANA El primer ministro sirio, Wael al-Halqui tach\u00f3 la actitud de EEUU en Siria e Irak de \u201cimproductivas\u201d, explicando que las misiones de la aviaci\u00f3n estadounidense en el espacio a\u00e9reo sirio se llevan a cabo fuera de la coordinaci\u00f3n con la parte siria y se desv\u00edan por completo del objetivo de la lucha contra &hellip;<\/p>\n","protected":false},"author":24,"featured_media":26483,"comment_status":"closed","ping_status":"closed","sticky":false,"template":"","format":"standard","meta":{"footnotes":""},"categories":[477,476],"tags":[6059],"class_list":["post-27013","post","type-post","status-publish","format-standard","has-post-thumbnail","","category-noticias-edulcorantes","category-locales","tag-al-halqui-siria-no-percibe-ningun-esfuerzo-serio-en-materia-de-detener-el-apoyo-a-los-terroristas"],"_links":{"self":[{"href":"https:\/\/archive.sana.sy\/es\/index.php?rest_route=\/wp\/v2\/posts\/27013"}],"collection":[{"href":"https:\/\/archive.sana.sy\/es\/index.php?rest_route=\/wp\/v2\/posts"}],"about":[{"href":"https:\/\/archive.sana.sy\/es\/index.php?rest_route=\/wp\/v2\/types\/post"}],"author":[{"embeddable":true,"href":"https:\/\/archive.sana.sy\/es\/index.php?rest_route=\/wp\/v2\/users\/24"}],"replies":[{"embeddable":true,"href":"https:\/\/archive.sana.sy\/es\/index.php?rest_route=%2Fwp%2Fv2%2Fcomments&post=27013"}],"version-history":[{"count":0,"href":"https:\/\/archive.sana.sy\/es\/index.php?rest_route=\/wp\/v2\/posts\/27013\/revisions"}],"wp:featuredmedia":[{"embeddable":true,"href":"https:\/\/archive.sana.sy\/es\/index.php?rest_route=\/wp\/v2\/media\/26483"}],"wp:attachment":[{"href":"https:\/\/archive.sana.sy\/es\/index.php?rest_route=%2Fwp%2Fv2%2Fmedia&parent=27013"}],"wp:term":[{"taxonomy":"category","embeddable":true,"href":"https:\/\/archive.sana.sy\/es\/index.php?rest_route=%2Fwp%2Fv2%2Fcategories&post=27013"},{"taxonomy":"post_tag","embeddable":true,"href":"https:\/\/archive.sana.sy\/es\/index.php?rest_route=%2Fwp%2Fv2%2Ftags&post=27013"}],"curies":[{"name":"wp","href":"https:\/\/api.w.org\/{rel}","templated":true}]}}