{"id":27060,"date":"2015-07-22T12:57:56","date_gmt":"2015-07-22T09:57:56","guid":{"rendered":"http:\/\/sana.sy\/es\/?p=27060"},"modified":"2015-07-22T12:57:56","modified_gmt":"2015-07-22T09:57:56","slug":"mueren-dos-policias-turcos-en-un-ataque-armado-en-el-sureste-del-pais","status":"publish","type":"post","link":"https:\/\/archive.sana.sy\/es\/?p=27060","title":{"rendered":"Mueren dos polic\u00edas turcos en un ataque armado en el sureste del pa\u00eds"},"content":{"rendered":"<div><span lang=\"ES-TRAD\" style=\"color: #ff0000\">Ankara, SANA<\/span><\/div>\n<div><\/div>\n<div><span lang=\"ES-TRAD\">Dos oficiales de polic\u00eda turcos fueron asesinados en un ataque armado en la zona de Gilan Pinar en la provincia de Orfah, en el sudeste de Turqu\u00eda.<\/span><\/div>\n<div><\/div>\n<div><span lang=\"ES-TRAD\">Medios de comunicaci\u00f3n turcos citaron al gobernador de la provincia de Orfah diciendo que a\u00fan no se sabe si el ataque tiene motivos terroristas.<\/span><\/div>\n<div><\/div>\n<div><span lang=\"ES-TRAD\">La ciudad de Suruc en esa misma provincia presenci\u00f3 hace dos d\u00edas un ataque suicida terrorista que mat\u00f3 a m\u00e1s de 30 personas e hiri\u00f3 a otros 100 heridos.<\/span><\/div>\n<div><\/div>\n<div><span lang=\"ES-TRAD\">Los partidos de la oposici\u00f3n turca responsabilizaron al r\u00e9gimen de Erdogan del atentado debido a sus pol\u00edticas equivocadas hacia Siria y su apoyo al terrorismo.<\/span><\/div>\n<div><\/div>\n<div><span style=\"color: #00ccff\">Fady M., Hala B.<\/span><\/div>\n<div class=\"yj6qo ajU\">\n<div id=\":ya\" class=\"ajR\"><img decoding=\"async\" class=\"ajT\" src=\"https:\/\/ssl.gstatic.com\/ui\/v1\/icons\/mail\/images\/cleardot.gif\" alt=\"\" \/><\/div>\n<\/div>\n","protected":false},"excerpt":{"rendered":"<p>Ankara, SANA Dos oficiales de polic\u00eda turcos fueron asesinados en un ataque armado en la zona de Gilan Pinar en la provincia de Orfah, en el sudeste de Turqu\u00eda. Medios de comunicaci\u00f3n turcos citaron al gobernador de la provincia de Orfah diciendo que a\u00fan no se sabe si el ataque tiene motivos terroristas. La ciudad &hellip;<\/p>\n","protected":false},"author":1,"featured_media":27061,"comment_status":"closed","ping_status":"closed","sticky":false,"template":"","format":"standard","meta":{"footnotes":""},"categories":[597,456],"tags":[6073],"class_list":["post-27060","post","type-post","status-publish","format-standard","has-post-thumbnail","","category-cinta-de-noticias","category-arabe-internacional-politica","tag-mueren-dos-policias-turcos-en-un-ataque-armado-en-el-sureste-del-pais"],"_links":{"self":[{"href":"https:\/\/archive.sana.sy\/es\/index.php?rest_route=\/wp\/v2\/posts\/27060"}],"collection":[{"href":"https:\/\/archive.sana.sy\/es\/index.php?rest_route=\/wp\/v2\/posts"}],"about":[{"href":"https:\/\/archive.sana.sy\/es\/index.php?rest_route=\/wp\/v2\/types\/post"}],"author":[{"embeddable":true,"href":"https:\/\/archive.sana.sy\/es\/index.php?rest_route=\/wp\/v2\/users\/1"}],"replies":[{"embeddable":true,"href":"https:\/\/archive.sana.sy\/es\/index.php?rest_route=%2Fwp%2Fv2%2Fcomments&post=27060"}],"version-history":[{"count":0,"href":"https:\/\/archive.sana.sy\/es\/index.php?rest_route=\/wp\/v2\/posts\/27060\/revisions"}],"wp:featuredmedia":[{"embeddable":true,"href":"https:\/\/archive.sana.sy\/es\/index.php?rest_route=\/wp\/v2\/media\/27061"}],"wp:attachment":[{"href":"https:\/\/archive.sana.sy\/es\/index.php?rest_route=%2Fwp%2Fv2%2Fmedia&parent=27060"}],"wp:term":[{"taxonomy":"category","embeddable":true,"href":"https:\/\/archive.sana.sy\/es\/index.php?rest_route=%2Fwp%2Fv2%2Fcategories&post=27060"},{"taxonomy":"post_tag","embeddable":true,"href":"https:\/\/archive.sana.sy\/es\/index.php?rest_route=%2Fwp%2Fv2%2Ftags&post=27060"}],"curies":[{"name":"wp","href":"https:\/\/api.w.org\/{rel}","templated":true}]}}